{"id":65118,"date":"2019-10-21T16:50:18","date_gmt":"2019-10-21T20:50:18","guid":{"rendered":"https:\/\/linitiative.ca\/International\/marche-contre-le-regime-corrompu-de-tshisekedi\/"},"modified":"2019-10-21T16:50:18","modified_gmt":"2019-10-21T20:50:18","slug":"marche-contre-le-regime-corrompu-de-tshisekedi","status":"publish","type":"post","link":"https:\/\/linitiative.ca\/International\/marche-contre-le-regime-corrompu-de-tshisekedi\/","title":{"rendered":"MARCHE CONTRE LE REGIME CORROMPU DE TSHISEKEDI  \u00a0"},"content":{"rendered":"<div class=\"stream-item stream-item-above-post-content\">\n<p><noscript><\/p>\n<p><a href=\"\/\/www3.smartadserver.com\/ac?jump=1&#038;nwid=2136&#038;siteid=240610&#038;pgname=rg&#038;fmtid=49046&#038;visit=m&#038;tmstp=[timestamp]&#038;out=nonrich\" target=\"_blank\" rel=\"noopener noreferrer\"><img decoding=\"async\" src=\"\/\/www3.smartadserver.com\/ac?out=nonrich&#038;nwid=2136&#038;siteid=240610&#038;pgname=rg&#038;fmtid=49046&#038;visit=m&#038;tmstp=[timestamp]\" border=\"0\" alt=\"\"\/><\/a><\/p>\n<p><\/noscript><\/div>\n<p>Hier, 21 octobre 2019, a eu lieu une marche anti-corruption en R\u00e9publique d\u00e9mocratique du Congo (RDC). Le Comit\u00e9 la\u00efc de coordination (CLC) qui en a eu l\u2019initiative entend, par l\u00e0, interpeller fortement le r\u00e9gime de F\u00e9lix Tshisekedi afin que celui-ci traduise dans les actes, l\u2019une de ses promesses faites aux Congolais pendant la campagne \u00e9lectorale. Dix mois apr\u00e8s que ses\u00a0 compatriotes lui ont permis d\u2019acc\u00e9der au <em>palais de marbre<\/em> de Kinshasa, l\u2019on peut faire le constat que Tshisekedi fils a d\u2019autres chats \u00e0 fouetter que d\u2019aller en croisade contre ce grand mal qui ronge la RDC depuis Mobutu, et qui, de mani\u00e8re implacable, plombe le d\u00e9veloppement du pays.\u00a0 Dix mois apr\u00e8s, en tout cas, le mal persiste. Et tout porte \u00e0 croire qu\u2019il a encore de beaux jours devant lui, puisque Tshisekedi semble s\u2019en accommoder au point\u00a0 qu\u2019il rechigne \u00e0 faire rendre gorge au syst\u00e8me corrompu de son pr\u00e9d\u00e9cesseur Joseph Kabila.<\/p>\n<p><strong>\u00a0<\/strong><\/p>\n<p><strong>On doit tresser au CLC des lauriers pour sa constance dans la lutte contre la pr\u00e9dation des biens de la R\u00e9publique<\/strong><\/p>\n<p><strong>\u00a0<\/strong><\/p>\n<p class=\"c3\">\u00a0Et de mani\u00e8re explicite, il l\u2019a dit en ces termes : \u00ab\u00a0<em>En arrivant au pouvoir, ma philosophie a \u00e9t\u00e9 de tirer un trait sur le pass\u00e9 (\u2026). On peut repartir avec ceux qui ne sont pas trop compromis\u00a0<\/em>\u00bb. Ces propos ont \u00e9t\u00e9 tenus en septembre dernier. En un mot comme en mille, on peut dire que le pr\u00e9sident veut faire dans le recyclage des corrompus les plus\u00a0 fr\u00e9quentables de la R\u00e9publique. Il n\u2019est donc pas\u00a0 \u00e9tonnant qu\u2019au sein de son propre cabinet, l\u2019on compte des personnalit\u00e9s sur qui p\u00e8sent des soup\u00e7ons de pratique pr\u00e9sum\u00e9es de corruption. En effet, l\u2019Inspection g\u00e9n\u00e9rale des finances a r\u00e9v\u00e9l\u00e9, en ao\u00fbt dernier, que 15 millions de dollars de fonds publics, qui devaient \u00eatre vers\u00e9s au Tr\u00e9sor public, \u00e9taient partis sur un autre compte. Au lieu d\u2019inviter la Justice \u00e0 \u00e9lucider cette affaire plus que trouble, le pr\u00e9sident Tshisekedi s\u2019est fendu d\u2019une explication alambiqu\u00e9e. Pour lui, en effet, il n\u2019y a pas de quoi ameuter toute la terre, puisqu\u2019il s\u2019agit d\u2019une affaire non de \u00ab\u00a0<em>d\u00e9tournement\u00a0<\/em>\u00bb, mais de \u00ab\u00a0<em>retro commissions\u00a0<\/em>\u00bb. Cette attitude du pr\u00e9sident peut \u00eatre d\u00e9crypt\u00e9e comme une volont\u00e9 de sa part, de jouer \u00e0 l\u2019avocat d\u00e9fenseur des pr\u00e9sum\u00e9s corrompus qui travaillent \u00e0 ses c\u00f4t\u00e9s. Et le premier d\u2019entre eux pourrait \u00eatre son directeur de cabinet, \u00a0\u00a0Vital Kamerh\u00e9. L\u2019on ne peut donc pas faire le reproche au CLC de chercher des poux sur une t\u00eate ras\u00e9e, lorsqu\u2019il entend battre le macadam de Kinshasa contre la corruption. On doit, au contraire, lui tresser des lauriers pour sa constance dans la lutte contre la pr\u00e9dation des biens de la R\u00e9publique. En effet, le r\u00f4le de vigie de la R\u00e9publique, de l\u2019Eglise catholique, n\u2019a pas commenc\u00e9 avec le r\u00e9gime de Tshisekedi. Depuis Mobutu jusqu\u2019\u00e0 Kabila fils en passant par Kabila p\u00e8re, l\u2019Eglise catholique a toujours \u00e9t\u00e9 \u00e0 l\u2019avant-garde du combat pour la moralisation de la vie politique en particulier et pour la promotion de la d\u00e9mocratie en g\u00e9n\u00e9ral. Le CLC, qui est un collectif proche de cette institution morale, est donc bien dans son r\u00f4le\u00a0 de ne pas baisser aujourd\u2019hui la garde face \u00e0 la corruption, puisque le r\u00e9gime de Tshisekedi donne l\u2019impression, sur ce front, de faire du Kabila sans Kabila. D\u2019ailleurs, le Secr\u00e9taire g\u00e9n\u00e9ral de l\u2019Union pour la d\u00e9mocratie et le progr\u00e8s social (UDPS), parti pr\u00e9sidentiel, a estim\u00e9 que la d\u00e9marche du CLC \u00ab\u00a0<em>n\u2019est pas opportune\u00a0<\/em>\u00bb aujourd\u2019hui.<\/p>\n<p><strong>Tshisekedi doit sa victoire beaucoup plus \u00e0 un <em>deal<\/em> entre lui et Joseph Kabila qu\u2019\u00e0 la volont\u00e9 du peuple congolais<\/strong><\/p>\n<p><strong>\u00a0<\/strong><\/p>\n<p class=\"c3\">En se mouchant ainsi bruyamment, le moins que l\u2019on puisse dire, c\u2019est que le camp de Tshisekedi est g\u00ean\u00e9 aux entournures de voir le CLC toujours vent debout contre la corruption apr\u00e8s la chute du r\u00e9gime Kabila.En tout cas, il a manqu\u00e9 l\u2019occasion de se taire. Car, le CLC a tellement souffert des exc\u00e8s du syst\u00e8me Kabila, qu\u2019il ne peut se permettre aujourd\u2019hui de donner la communion au r\u00e9gime de Tshisekedi sans confession. D\u2019ailleurs, l\u2019on peut se poser la question de savoir si l\u2019enfant con\u00e7u dans le p\u00e9ch\u00e9, peut \u00eatre vertueux. Cette question fait r\u00e9f\u00e9rence aux circonstances troubles dans lesquelles F\u00e9lix Tshisekedi a \u00e9t\u00e9 \u00e9lu pr\u00e9sident. Pour bien des observateurs du scrutin pr\u00e9sidentiel, avec \u00e0 leur t\u00eate, justement le CLC, Tshisekedi doit sa victoire beaucoup plus \u00e0 un <em>deal<\/em> entre lui et son pr\u00e9d\u00e9cesseur Joseph Kabila, qu\u2019\u00e0 la volont\u00e9 du peuple congolais. Ce p\u00e9ch\u00e9 originel fait de lui un oblig\u00e9 de Kabila fils.De ce point de vue, le chef de l\u2019Etat se retrouve aujourd\u2019hui dans une situation o\u00f9 il est tenu d\u2019observer une attitude servile vis-\u00e0-vis de la personne qui lui a permis d\u2019\u00eatre l\u00e0 o\u00f9 il est aujourd\u2019hui. C\u2019est, peut-on dire, cette gratitude \u00e0 Kabila fils qui l\u2019a probablement conduit en septembre dernier, \u00e0 dire ceci\u00a0: \u00ab\u00a0<em>Je n\u2019ai pas \u00e0 fouiner dans le pass\u00e9. Trop de travail m\u2019attend<\/em>\u00a0\u00bb.\u00a0 Ces propos sonnent comme un aveu de son refus conscient de faire l\u2019inventaire du r\u00e8gne de Kabila et par cons\u00e9quent, de son incapacit\u00e9 \u00e0 faire dans la rupture. Qu\u2019il se retrouve aujourd\u2019hui dans le viseur du CLC est donc tout m\u00e9rit\u00e9. En tout cas, ce n\u2019est pas l\u2019Ex\u00e9cutif encore moins l\u2019Assembl\u00e9e nationale, domin\u00e9s outrageusement par le Front commun pour le Congo (FCC) de Kabila fils, qui vont travailler contre la corruption. Dans le contexte actuel, le seul rempart cr\u00e9dible contre ce fl\u00e9au est la soci\u00e9t\u00e9 civile et l\u2019opposition politique incarn\u00e9e \u00a0par le malheureux Martin Fayulu. Ce dernier et ses partisans ont donc des raisons de s\u2019associer au CLC pour crier haro sur le r\u00e9gime Tshisekedi, pour son manque de volont\u00e9 politique manifeste d\u2019inscrire la RDC dans une gouvernance vertueuse. Et cela dure depuis 10 mois.<\/p>\n<p><strong><em>\u00ab\u00a0Le Pays\u00a0\u00bb<\/em><\/strong><\/p>\n<p>Auteur: Le Pays<br \/>\n<a href=\"http:\/\/lepays.bf\/marche-contre-le-regime-corrompu-de-tshisekedi-2\/\">Cliquez ici pour lire l&rsquo;article depuis sa source.<\/a><\/p>\n","protected":false},"excerpt":{"rendered":"<p>Hier, 21 octobre 2019, a eu lieu une marche anti-corruption en R\u00e9publique d\u00e9mocratique du Congo (RDC). Le Comit\u00e9 la\u00efc de coordination (CLC) qui en a eu l\u2019initiative entend, par l\u00e0, interpeller fortement le r\u00e9gime de F\u00e9lix Tshisekedi afin que celui-ci traduise dans les actes, l\u2019une de ses promesses faites aux Congolais pendant la campagne \u00e9lectorale. [&hellip;]<\/p>\n","protected":false},"author":1813,"featured_media":0,"comment_status":"closed","ping_status":"closed","sticky":false,"template":"","format":"standard","meta":{"fifu_image_url":"","fifu_image_alt":"","footnotes":""},"categories":[73,81],"tags":[],"class_list":["post-65118","post","type-post","status-publish","format-standard","hentry","category-actualite","category-burkina-faso"],"_links":{"self":[{"href":"https:\/\/linitiative.ca\/International\/wp-json\/wp\/v2\/posts\/65118","targetHints":{"allow":["GET"]}}],"collection":[{"href":"https:\/\/linitiative.ca\/International\/wp-json\/wp\/v2\/posts"}],"about":[{"href":"https:\/\/linitiative.ca\/International\/wp-json\/wp\/v2\/types\/post"}],"author":[{"embeddable":true,"href":"https:\/\/linitiative.ca\/International\/wp-json\/wp\/v2\/users\/1813"}],"replies":[{"embeddable":true,"href":"https:\/\/linitiative.ca\/International\/wp-json\/wp\/v2\/comments?post=65118"}],"version-history":[{"count":0,"href":"https:\/\/linitiative.ca\/International\/wp-json\/wp\/v2\/posts\/65118\/revisions"}],"wp:attachment":[{"href":"https:\/\/linitiative.ca\/International\/wp-json\/wp\/v2\/media?parent=65118"}],"wp:term":[{"taxonomy":"category","embeddable":true,"href":"https:\/\/linitiative.ca\/International\/wp-json\/wp\/v2\/categories?post=65118"},{"taxonomy":"post_tag","embeddable":true,"href":"https:\/\/linitiative.ca\/International\/wp-json\/wp\/v2\/tags?post=65118"}],"curies":[{"name":"wp","href":"https:\/\/api.w.org\/{rel}","templated":true}]}}