{"id":65119,"date":"2019-10-21T16:54:34","date_gmt":"2019-10-21T20:54:34","guid":{"rendered":"https:\/\/linitiative.ca\/International\/projet-de-3e-mandat-en-guinee\/"},"modified":"2019-10-21T16:54:34","modified_gmt":"2019-10-21T20:54:34","slug":"projet-de-3e-mandat-en-guinee","status":"publish","type":"post","link":"https:\/\/linitiative.ca\/International\/projet-de-3e-mandat-en-guinee\/","title":{"rendered":"PROJET DE 3E \u00a0MANDAT EN GUINEE  \u00a0"},"content":{"rendered":"<div class=\"stream-item stream-item-above-post-content\">\n<p><noscript><\/p>\n<p><a href=\"\/\/www3.smartadserver.com\/ac?jump=1&#038;nwid=2136&#038;siteid=240610&#038;pgname=rg&#038;fmtid=49046&#038;visit=m&#038;tmstp=[timestamp]&#038;out=nonrich\" target=\"_blank\" rel=\"noopener noreferrer\"><img decoding=\"async\" src=\"\/\/www3.smartadserver.com\/ac?out=nonrich&#038;nwid=2136&#038;siteid=240610&#038;pgname=rg&#038;fmtid=49046&#038;visit=m&#038;tmstp=[timestamp]\" border=\"0\" alt=\"\"\/><\/a><\/p>\n<p><\/noscript><\/div>\n<p>En Guin\u00e9e, la mobilisation contre un \u00e9ventuel troisi\u00e8me mandat du pr\u00e9sident Alpha Cond\u00e9, ne faiblit pas. En effet, apr\u00e8s une semaine agit\u00e9e de manifestations qui ont laiss\u00e9 une dizaine de morts sur le carreau, l\u2019opposition guin\u00e9enne a d\u00e9cid\u00e9 de maintenir la pression sur le chef de l\u2019Etat qu\u2019elle soup\u00e7onne de man\u0153uvrer \u00e0 prolonger son bail au palais <em>S\u00e9koutoureya<\/em>. En effet, frapp\u00e9 d\u2019in\u00e9ligibilit\u00e9 au terme de son second mandat qui \u00e9choit en octobre 2020, Alpha Cond\u00e9 s\u2019est engag\u00e9 dans une folle course \u00e0 l\u2019organisation d\u2019un r\u00e9f\u00e9rendum constitutionnel dont l\u2019opposition conteste, du reste, l\u2019opportunit\u00e9. Car, pour cette derni\u00e8re,\u00a0 le seul but d\u2019une telle op\u00e9ration ne vise qu\u2019\u00e0 contourner la disposition constitutionnelle qui\u00a0 emp\u00eache le chef de l\u2019Etat d\u2019\u00eatre candidat \u00e0 sa propre succession. Donc, une mesure cens\u00e9e lui ouvrir la voie d\u2019un troisi\u00e8me mandat que lui refuse son peuple mobilis\u00e9 dans la rue, \u00e0 l\u2019appel de l\u2019opposition.<\/p>\n<p><strong>\u00a0<\/strong><\/p>\n<p><strong>On se demande si le poids de son \u00e2ge et son obnubilation du troisi\u00e8me mandat ne lui jouent pas des tours<\/strong><\/p>\n<p><strong>\u00a0<\/strong><\/p>\n<p class=\"c3\">Mais, alors que l\u2019on croyait que le sang vers\u00e9 des Guin\u00e9ens \u00e0 l\u2019occasion des journ\u00e9es de protestation de la semaine derni\u00e8re, serait un signal suffisamment fort pour amener le pr\u00e9sident Cond\u00e9 \u00e0 jouer balle \u00e0 terre, c\u2019est avec surprise que l\u2019on entendra ce dernier rejeter la responsabilit\u00e9 des tueries sur l\u2019opposition qu\u2019il accuse d\u2019agir de la sorte dans le but de pourrir son mandat. Si ce n\u2019est pas jeter de l\u2019huile sur le feu en aiguisant la pol\u00e9mique, cela y ressemble fort. Le pr\u00e9sident accuse l\u2019opposition de vouloir ternir son mandat. Mais quid de la qualit\u00e9 de ce mandat dans un pays o\u00f9 la majorit\u00e9 de ses compatriotes continuent de tirer le diable par la queue et o\u00f9 la corruption, la concussion et les d\u00e9tournements de deniers publics n\u2019ont de cesse\u00a0 de faire \u00a0les choux gras de la presse\u00a0? Mais \u00e0 entendre le chef de l\u2019Etat guin\u00e9en qui, \u00e0 d\u00e9faut de se taire, s\u2019est fendu d\u2019arguments si sp\u00e9cieux qui convaincraient difficilement m\u00eame ses partisans les plus cr\u00e9dules, l\u2019on se demande si le poids de son \u00e2ge et son obnubilation du troisi\u00e8me mandat ne lui jouent pas des tours au point de lui faire perdre toute lucidit\u00e9. Car, c\u2019est peu de dire que si le Professeur n\u2019\u00e9tait pas m\u00fb par la volont\u00e9 irr\u00e9pressible de go\u00fbter au fruit d\u00e9fendu du troisi\u00e8me mandat dans le jardin \u2026du Fouta Djallon, la Guin\u00e9e aurait certainement fait l\u2019\u00e9conomie des pertes en vies humaines de la semaine \u00e9coul\u00e9e. Aussi, loin de lui d\u00e9nier le droit de recourir \u00e0 l\u2019arbitrage du peuple, l\u2019on se pose des questions sur l\u2019opportunit\u00e9 d\u2019une telle d\u00e9marche quand la moiti\u00e9 de la population, voire plus, est d\u00e9j\u00e0 vent debout contre son projet. Comment, dans ces conditions, peut-il raisonnablement penser pouvoir organiser un r\u00e9f\u00e9rendum et recueillir l\u2019assentiment du peuple guin\u00e9en si ce n\u2019est qu\u2019en Afrique, on n\u2019organise pas des consultations \u00e9lectorales pour les perdre\u00a0? C\u2019est pourquoi l\u2019on est fond\u00e9 \u00e0 croire, \u00e0 la suite de l\u2019artiste-musicien <em>reggae man<\/em> ivoirien, Tiken Jah Fakoly, qu\u2019\u00ab<em>Alpha Cond\u00e9 devient fou<\/em>\u00a0\u00bb. Ce d\u2019autant qu\u2019il continue de jouer l\u2019autruche, en tentant de r\u00e9duire l\u2019ampleur de la contestation \u00e0 quelques poches r\u00e9siduelles de la capitale et dans quelques rares villes, alors que la contagion est en train de gagner visiblement tout le pays.<\/p>\n<p><strong>A 80 ans r\u00e9volus, Alpha Cond\u00e9 devrait suffisamment craindre le Ciel pour ne pas se laisser aveugler par le pouvoir<\/strong><\/p>\n<p><strong>\u00a0<\/strong><\/p>\n<p class=\"c3\">Mais moins qu\u2019une attitude irr\u00e9v\u00e9rencieuse \u00e0 l\u2019endroit du chef de l\u2019Etat guin\u00e9en, cette interpellation \u00e9nergique de l\u2019artiste est une invite \u00e0 un examen de conscience, pour \u00e9viter au Professeur de dresser le b\u00fbcher contre son peuple. D\u2019autant qu\u2019\u00e0 80 ans r\u00e9volus, Alpha Cond\u00e9 devrait suffisamment craindre le Ciel pour ne pas se laisser aveugler par le pouvoir. D\u00e9j\u00e0, son obstination \u00e0 vouloir jouer les prolongations \u00e0 la t\u00eate de l\u2019Etat guin\u00e9en, a entra\u00een\u00e9 la mort de bien de ses compatriotes. Refuser de voir la r\u00e9alit\u00e9 en face en se croyant suffisamment fort pour r\u00e9sister \u00e0 la bourrasque de la col\u00e8re de son peuple, c\u2019est faire preuve d\u2019une folie aventuri\u00e8re ou d\u2019une myopie politique qui pourrait \u00eatre fatale \u00e0 son pouvoir. L\u2019exp\u00e9rience humiliante en 2014 de l\u2019ex-pr\u00e9sident burkinab\u00e8, Blaise Compaor\u00e9, devrait lui servir de le\u00e7on. Mais si malgr\u00e9 ce rappel de l\u2019Histoire, et malgr\u00e9 les appels \u00e0 la raison de personnalit\u00e9s politiques du continent comme le S\u00e9n\u00e9galais Abdoulaye Bathily et d\u2019anciens chefs d\u2019Etat africains signataires de l\u2019appel de Niamey, le chef de l\u2019Etat guin\u00e9en se montre autiste au point de ne pas reconna\u00eetre sa responsabilit\u00e9 et de rejeter la faute \u00e0 autrui, il faut croire que rien ne le fera reculer dans sa volont\u00e9 de tenir son r\u00e9f\u00e9rendum querell\u00e9 pour s\u2019ouvrir le chemin d\u2019un troisi\u00e8me mandat.\u00a0 En tout \u00e9tat de cause, comme le dit l\u2019adage, \u00ab\u00a0<em>il n\u2019est jamais tard pour bien faire<\/em>\u00a0\u00bb. Et Alpha Cond\u00e9 a encore toutes les cartes en main, pour sortir de l\u2019histoire politique de son pays par la grande porte. Mais, pour paraphraser un autre dicton,\u00a0 s\u2019il choisit malgr\u00e9 tout de semer le vent, qu\u2019il s\u2019attende \u00e0 r\u00e9colter la temp\u00eate. Car, dans l\u2019histoire du monde, aucun dictateur n\u2019est jamais venu \u00e0 bout d\u2019un peuple d\u00e9termin\u00e9.<\/p>\n<p><strong><em>\u00a0\u00ab\u00a0Le Pays\u00a0\u00bb<\/em><\/strong><\/p>\n<p>Auteur: Le Pays<br \/>\n<a href=\"http:\/\/lepays.bf\/projet-de-3e-mandat-en-guinee\/\">Cliquez ici pour lire l&rsquo;article depuis sa source.<\/a><\/p>\n","protected":false},"excerpt":{"rendered":"<p>En Guin\u00e9e, la mobilisation contre un \u00e9ventuel troisi\u00e8me mandat du pr\u00e9sident Alpha Cond\u00e9, ne faiblit pas. En effet, apr\u00e8s une semaine agit\u00e9e de manifestations qui ont laiss\u00e9 une dizaine de morts sur le carreau, l\u2019opposition guin\u00e9enne a d\u00e9cid\u00e9 de maintenir la pression sur le chef de l\u2019Etat qu\u2019elle soup\u00e7onne de man\u0153uvrer \u00e0 prolonger son bail [&hellip;]<\/p>\n","protected":false},"author":1813,"featured_media":0,"comment_status":"closed","ping_status":"closed","sticky":false,"template":"","format":"standard","meta":{"fifu_image_url":"","fifu_image_alt":"","footnotes":""},"categories":[73,81],"tags":[],"class_list":["post-65119","post","type-post","status-publish","format-standard","hentry","category-actualite","category-burkina-faso"],"_links":{"self":[{"href":"https:\/\/linitiative.ca\/International\/wp-json\/wp\/v2\/posts\/65119","targetHints":{"allow":["GET"]}}],"collection":[{"href":"https:\/\/linitiative.ca\/International\/wp-json\/wp\/v2\/posts"}],"about":[{"href":"https:\/\/linitiative.ca\/International\/wp-json\/wp\/v2\/types\/post"}],"author":[{"embeddable":true,"href":"https:\/\/linitiative.ca\/International\/wp-json\/wp\/v2\/users\/1813"}],"replies":[{"embeddable":true,"href":"https:\/\/linitiative.ca\/International\/wp-json\/wp\/v2\/comments?post=65119"}],"version-history":[{"count":0,"href":"https:\/\/linitiative.ca\/International\/wp-json\/wp\/v2\/posts\/65119\/revisions"}],"wp:attachment":[{"href":"https:\/\/linitiative.ca\/International\/wp-json\/wp\/v2\/media?parent=65119"}],"wp:term":[{"taxonomy":"category","embeddable":true,"href":"https:\/\/linitiative.ca\/International\/wp-json\/wp\/v2\/categories?post=65119"},{"taxonomy":"post_tag","embeddable":true,"href":"https:\/\/linitiative.ca\/International\/wp-json\/wp\/v2\/tags?post=65119"}],"curies":[{"name":"wp","href":"https:\/\/api.w.org\/{rel}","templated":true}]}}