{"id":65120,"date":"2019-10-21T16:57:37","date_gmt":"2019-10-21T20:57:37","guid":{"rendered":"https:\/\/linitiative.ca\/International\/soudan-du-sud\/"},"modified":"2019-10-21T16:57:37","modified_gmt":"2019-10-21T20:57:37","slug":"soudan-du-sud","status":"publish","type":"post","link":"https:\/\/linitiative.ca\/International\/soudan-du-sud\/","title":{"rendered":"SOUDAN DU SUD"},"content":{"rendered":"<div class=\"featured-area featured-area-inner\"><img loading=\"lazy\" decoding=\"async\" width=\"780\" height=\"405\" src=\"http:\/\/lepays.bf\/wp-content\/uploads\/2019\/10\/SOUDAN-780x405.jpg\" class=\"attachment-jannah-image-post size-jannah-image-post wp-post-image\" alt=\"\"\/><\/div>\n<div class=\"entry-content entry clearfix\" readability=\"66\">\n<div class=\"stream-item stream-item-above-post-content\">\n<p><noscript><\/p>\n<p><a href=\"\/\/www3.smartadserver.com\/ac?jump=1&#038;nwid=2136&#038;siteid=240610&#038;pgname=rg&#038;fmtid=49046&#038;visit=m&#038;tmstp=[timestamp]&#038;out=nonrich\" target=\"_blank\" rel=\"noopener noreferrer\"><img decoding=\"async\" src=\"\/\/www3.smartadserver.com\/ac?out=nonrich&#038;nwid=2136&#038;siteid=240610&#038;pgname=rg&#038;fmtid=49046&#038;visit=m&#038;tmstp=[timestamp]\" border=\"0\" alt=\"\"\/><\/a><\/p>\n<p><\/noscript><\/div>\n<p>Va-t-on vers la reprise des armes au Soudan du Sud\u00a0? C\u2019est la question pour le moins redoutable que plus d\u2019un se pose depuis que les n\u00e9gociations directes entre\u00a0 le pr\u00e9sident Salva Kiir et son rival Riek Machar ont vir\u00e9 au fiasco. La situation est d\u2019autant plus pr\u00e9occupante que l\u2019Eglise catholique n\u2019a pas tard\u00e9 \u00e0 \u00a0tirer la sonnette d\u2019alarme, tant elle semble quelque peu agac\u00e9e par les turpitudes des deux protagonistes sus-cit\u00e9s. Morceau choisi\u00a0: \u00ab\u00a0<em>Pourquoi les efforts de paix se concentrent-ils sur le partage du pouvoir entre des individus, au lieu de s\u2019attaquer aux racines du conflit\u00a0<\/em>?\u00a0\u00bb, s\u2019est-elle interrog\u00e9\u00a0? C\u2019est \u00e0 se demander si les religieux ne remettent pas en cause l\u2019accord de paix qui pr\u00e9voit la distribution des postes entre les deux camps qui se regardent en chiens de fa\u00efence. Car, tout en reconnaissant les efforts des diff\u00e9rents pays de la r\u00e9gion, qui ont permis d\u2019observer un cessez-le-feu quoi que fragile au Soudan du Sud, l\u2019Eglise catholique n\u2019a pas manqu\u00e9 de titiller certains dont les actions, dit-elle, \u00e9taient motiv\u00e9es par des \u00ab\u00a0<em>int\u00e9r\u00eats \u00e9conomiques pouvant miner leur impartialit\u00e9\u00a0<\/em>\u00bb.<\/p>\n<p><strong>\u00a0<\/strong><\/p>\n<p><strong>Il est inadmissible qu\u2019une querelle de personnes sur fond d\u2019<em>ego<\/em> surdimensionn\u00e9s, prenne en otage la vie de tout une Nation<\/strong><\/p>\n<p><strong>\u00a0<\/strong><\/p>\n<p class=\"c3\">En tout cas, avec ce nouveau couac intervenu dans la mise en \u0153uvre de l\u2019accord d\u2019Addis- Abeba, inutile de dire que la formation du nouveau gouvernement attendue le 12 novembre prochain, est \u00a0quasi impossible. Et c\u2019est le lieu de craindre le r\u00e9veil des vieux d\u00e9mons, surtout dans un pays o\u00f9 les clivages communautaires ont fini par prendre le pas sur l\u2019appartenance \u00e0 une m\u00eame nation. Si fait que l\u2019on en vient \u00e0 se demander s\u2019il n\u2019est pas temps de ranger Salva Kiir et Riek Machar dans les oubliettes de l\u2019histoire et cela, dans l\u2019int\u00e9r\u00eat sup\u00e9rieur du peuple sud-soudanais. La communaut\u00e9 internationale, avec les Etats-Unis en t\u00eate, doit y songer. Car, il est inadmissible qu\u2019une querelle de personnes sur fond d\u2019<em>ego<\/em> surdimensionn\u00e9s, prenne en otage la vie de tout une Nation au point d\u2019occasionner des pertes en vies humaines. Du reste, qui e\u00fbt cru qu\u2019apr\u00e8s la m\u00e9diation tent\u00e9e par le Pape Fran\u00e7ois qui n\u2019avait pas h\u00e9sit\u00e9, devant les cam\u00e9ras du monde entier, \u00e0 s\u2019agenouiller devant Salva Kiir et Riek Machar pour leur demander de se surpasser, ces derniers se montreraient quelques mois apr\u00e8s, hostiles \u00e0 la paix\u00a0?<\/p>\n<p><strong>\u00a0<\/strong><\/p>\n<p><strong>B.O<\/strong><\/p>\n<\/div>\n<p>Auteur: Le Pays<br \/>\n<a href=\"http:\/\/lepays.bf\/soudan-du-sud-6\/\">Cliquez ici pour lire l&rsquo;article depuis sa source.<\/a><\/p>\n","protected":false},"excerpt":{"rendered":"<p>Va-t-on vers la reprise des armes au Soudan du Sud\u00a0? C\u2019est la question pour le moins redoutable que plus d\u2019un se pose depuis que les n\u00e9gociations directes entre\u00a0 le pr\u00e9sident Salva Kiir et son rival Riek Machar ont vir\u00e9 au fiasco. La situation est d\u2019autant plus pr\u00e9occupante que l\u2019Eglise catholique n\u2019a pas tard\u00e9 \u00e0 \u00a0tirer [&hellip;]<\/p>\n","protected":false},"author":1813,"featured_media":65121,"comment_status":"closed","ping_status":"closed","sticky":false,"template":"","format":"standard","meta":{"fifu_image_url":"","fifu_image_alt":"","footnotes":""},"categories":[73,81],"tags":[],"class_list":["post-65120","post","type-post","status-publish","format-standard","has-post-thumbnail","hentry","category-actualite","category-burkina-faso"],"_links":{"self":[{"href":"https:\/\/linitiative.ca\/International\/wp-json\/wp\/v2\/posts\/65120","targetHints":{"allow":["GET"]}}],"collection":[{"href":"https:\/\/linitiative.ca\/International\/wp-json\/wp\/v2\/posts"}],"about":[{"href":"https:\/\/linitiative.ca\/International\/wp-json\/wp\/v2\/types\/post"}],"author":[{"embeddable":true,"href":"https:\/\/linitiative.ca\/International\/wp-json\/wp\/v2\/users\/1813"}],"replies":[{"embeddable":true,"href":"https:\/\/linitiative.ca\/International\/wp-json\/wp\/v2\/comments?post=65120"}],"version-history":[{"count":0,"href":"https:\/\/linitiative.ca\/International\/wp-json\/wp\/v2\/posts\/65120\/revisions"}],"wp:featuredmedia":[{"embeddable":true,"href":"https:\/\/linitiative.ca\/International\/wp-json\/"}],"wp:attachment":[{"href":"https:\/\/linitiative.ca\/International\/wp-json\/wp\/v2\/media?parent=65120"}],"wp:term":[{"taxonomy":"category","embeddable":true,"href":"https:\/\/linitiative.ca\/International\/wp-json\/wp\/v2\/categories?post=65120"},{"taxonomy":"post_tag","embeddable":true,"href":"https:\/\/linitiative.ca\/International\/wp-json\/wp\/v2\/tags?post=65120"}],"curies":[{"name":"wp","href":"https:\/\/api.w.org\/{rel}","templated":true}]}}