{"id":65124,"date":"2019-10-21T15:11:21","date_gmt":"2019-10-21T19:11:21","guid":{"rendered":"https:\/\/linitiative.ca\/International\/prise-en-charge-des-enfants-victimes-de-lesions-faciales-le-geste-salvateur-de-la-fondation-boa\/"},"modified":"2019-10-21T15:11:21","modified_gmt":"2019-10-21T19:11:21","slug":"prise-en-charge-des-enfants-victimes-de-lesions-faciales-le-geste-salvateur-de-la-fondation-boa","status":"publish","type":"post","link":"https:\/\/linitiative.ca\/International\/prise-en-charge-des-enfants-victimes-de-lesions-faciales-le-geste-salvateur-de-la-fondation-boa\/","title":{"rendered":"Prise en charge des enfants victimes de l\u00e9sions faciales  : le geste salvateur de la fondation BOA"},"content":{"rendered":"<div class=\"td-post-featured-image\"><a href=\"https:\/\/i1.wp.com\/www.sidwaya.info\/wp-content\/uploads\/2019\/10\/1-52.jpg?fit=709%2C531&#038;ssl=1\" data-caption=\"\"><img loading=\"lazy\" decoding=\"async\" width=\"696\" height=\"521\" class=\"entry-thumb td-modal-image\" src=\"https:\/\/i1.wp.com\/www.sidwaya.info\/wp-content\/uploads\/2019\/10\/1-52.jpg?resize=696%2C521&#038;ssl=1\" srcset=\"https:\/\/i1.wp.com\/www.sidwaya.info\/wp-content\/uploads\/2019\/10\/1-52.jpg?w=709&#038;ssl=1 709w, https:\/\/i1.wp.com\/www.sidwaya.info\/wp-content\/uploads\/2019\/10\/1-52.jpg?resize=300%2C225&#038;ssl=1 300w, https:\/\/i1.wp.com\/www.sidwaya.info\/wp-content\/uploads\/2019\/10\/1-52.jpg?resize=80%2C60&#038;ssl=1 80w, https:\/\/i1.wp.com\/www.sidwaya.info\/wp-content\/uploads\/2019\/10\/1-52.jpg?resize=265%2C198&#038;ssl=1 265w, https:\/\/i1.wp.com\/www.sidwaya.info\/wp-content\/uploads\/2019\/10\/1-52.jpg?resize=696%2C521&#038;ssl=1 696w, https:\/\/i1.wp.com\/www.sidwaya.info\/wp-content\/uploads\/2019\/10\/1-52.jpg?resize=561%2C420&#038;ssl=1 561w\" sizes=\"auto, (max-width: 696px) 100vw, 696px\" alt=\"\" title=\"1\"\/><\/a><\/div>\n<div class=\"td-a-rec td-a-rec-id-content_top td_uid_30_5dae26bd55f51_rand td_block_template_1\"><img loading=\"lazy\" decoding=\"async\" class=\"aligncenter size-full wp-image-15084\" src=\"https:\/\/www.sidwaya.info\/wp-content\/uploads\/2019\/10\/Bannie%CC%80re.png\" alt=\"\" width=\"720\" height=\"90\"\/><\/div>\n<p><strong>La Fondation Bank of Afrique Burkina (BOA) a proc\u00e9d\u00e9, le samedi 19 octobre 2019 \u00e0 Ouagadougou, \u00e0 la remise d\u2019un ch\u00e8que d\u2019un montant de cinq millions F CFA \u00e0 l\u2019organisation non gouvernementale pour la Promotion de la chirurgie r\u00e9paratrice (ONG-PPCR).<\/strong><\/p>\n<p>La Fondation Bank of Afrique (BOA) \u0153uvre pour l\u2019am\u00e9lioration continue des conditions de sant\u00e9 des populations du Burkina Faso. Dans cette dynamique, elle a proc\u00e9d\u00e9 \u00e0 la remise d\u2019un ch\u00e8que d\u2019un montant de cinq millions F CFA \u00e0 l\u2019Organisation non gouvernementale pour la Promotion de la chirurgie r\u00e9paratrice (ONG-PPCR), le samedi 19 octobre 2019, \u00e0 Ouagadougou. L\u2019objectif, selon le secr\u00e9taire ex\u00e9cutif de la fondation, Moctar Diakit\u00e9, est de promouvoir la chirurgie r\u00e9paratrice au profit des enfants atteints de labio-palatines. \u00abNous avions \u00e9t\u00e9 approch\u00e9s par l\u2019ONG PPCR pour un projet concernant des enfants souffrant d\u2019une pathologie qui devaient \u00eatre pris en charge. Et compte tenu du fait que cette action rentre dans le cadre de nos objectifs, nous n\u2019avons pas h\u00e9sit\u00e9 \u00e0 nous associer \u00e0 elle pour que les op\u00e9rations y relatives puissent se r\u00e9aliser\u00bb, a-t-il laiss\u00e9 entendre. Pour lui, les enfants constituent le socle de toute famille et \u00e0 travers ce geste, sa structure va contribuer \u00e0 restaurer la dignit\u00e9 de ceux malades, qui font l\u2019objet de rejet dans certaines r\u00e9gions. \u00abPour nous, le fait de soutenir l\u2019organisation qui \u0153uvre dans le sens de la r\u00e9paration des enfants naissant avec ces malformations, c\u2019est aussi une mani\u00e8re d\u2019aider \u00e0 l\u2019\u00e9panouissement des familles en difficult\u00e9 dans lesquelles ces enfants vivent\u00bb, a-t-il soutenu. M. Diakit\u00e9 a par ailleurs indiqu\u00e9 que la fondation BOA travaille dans le domaine depuis une dizaine d\u2019ann\u00e9es et va continuer \u00e0 soutenir de telles initiatives, conform\u00e9ment \u00e0 l\u2019objectif poursuivi\u00a0: am\u00e9liorer les conditions de vie des communaut\u00e9s au sein desquelles la banque \u00e9volue.<\/p>\n<p><strong>Plus de 200 enfants op\u00e9r\u00e9s<\/strong><\/p>\n<p>Recevant le ch\u00e8que, la pr\u00e9sidente de l\u2019ONG PPCR, Dr A\u00efssata Baillet, a affirm\u00e9 que c\u2019est un don qui va permettre de\u00a0sauver \u00ab\u00e9norm\u00e9ment\u00bb de familles. \u00abJusque-l\u00e0, nous n\u2019op\u00e9rions que les fentes labio-palatines. Et cet argent que nous venons de recevoir va nous permettre de r\u00e9aliser d\u2019autres types d\u2019op\u00e9rations telles les s\u00e9quelles de br\u00fblures assez fr\u00e9quentes et dues aux accidents domestiques, qui sont aussi demand\u00e9es mais que j\u2019ai d\u00e9clin\u00e9 \u00e0 chaque fois par manque de moyens\u00bb, a-t-elle confi\u00e9. Dr Baillet a expliqu\u00e9 que sa structure intervient au Burkina depuis 2014 et pour prendre en charge un enfant, il faut qu\u2019il remplisse trois conditions \u00e0 savoir\u00a0: \u00eatre \u00e2g\u00e9 d\u2019au moins trois mois, avoir au minimum 5kg et 10g d\u2019h\u00e9moglobine.<\/p>\n<p>\u00abNous sommes soutenus, dans ce sens, par Sentinelles qui recueillent les patients, les conditionnent en leur fournissant l\u2019alimentation n\u00e9cessaire pour qu\u2019ils soient op\u00e9rables\u00bb, a-t-elle poursuivi. A l\u2019en croire, plus de 200 enfants ont pu \u00eatre op\u00e9r\u00e9s. La pr\u00e9sidente de Sentinelles, Christiane Badel, a, pour sa part, indiqu\u00e9 que sa fondation a mis en place deux programmes au Burkina, relatifs \u00e0 la prise en charge des enfants victimes de l\u00e9sions faciales dues aux fentes labio-palatines et au Noma. \u00abNous aidons \u00e0 lutter contre ces maladies non seulement pour les soins, les op\u00e9rations, la reconstruction faciale des enfants, mais aussi en faisant une sensibilisation des populations afin de les amener \u00e0 agir vite, car ce sont des pathologies qui peuvent \u00eatre stopp\u00e9es rapidement\u00bb, a-t-elle mentionn\u00e9. Mme Badel a \u00e9galement soulign\u00e9 que l\u2019objectif de leur collaboration avec Dr Baillet est de permettre aux enfants atteints de \u00abretrouver leur visage et le sourire\u00bb. L\u2019ONG PPCR intervient, au Burkina, mais aussi au Togo, au Niger et au B\u00e9nin. Sentinelles, quant \u00e0 elle, a plusieurs programmes dans diff\u00e9rents pays dont le S\u00e9n\u00e9gal, la R\u00e9publique d\u00e9mocratique du Congo, Madagascar et la Colombie en Am\u00e9rique du Sud.<\/p>\n<p class=\"c1\"><strong>Boureima GANSONRE<\/strong><br \/><strong>(Stagiaire)<\/strong><\/p>\n<div class=\"td-a-rec td-a-rec-id-content_bottom td_uid_31_5dae26bd56229_rand td_block_template_1\"><img loading=\"lazy\" decoding=\"async\" class=\"aligncenter size-full wp-image-9623\" src=\"https:\/\/www.sidwaya.info\/wp-content\/uploads\/2019\/06\/Projet-bannie%CC%80re-Orange-mobile.jpg\" alt=\"\" width=\"728\" height=\"81\"\/><\/div>\n<p>Auteur: JK. Sidwaya<br \/>\n<a href=\"https:\/\/www.sidwaya.info\/blog\/2019\/10\/21\/prise-en-charge-des-enfants-victimes-de-lesions-faciales-le-geste-salvateur-de-la-fondation-boa\/\">Cliquez ici pour lire l&rsquo;article depuis sa source.<\/a><\/p>\n","protected":false},"excerpt":{"rendered":"<p>La Fondation Bank of Afrique Burkina (BOA) a proc\u00e9d\u00e9, le samedi 19 octobre 2019 \u00e0 Ouagadougou, \u00e0 la remise d\u2019un ch\u00e8que d\u2019un montant de cinq millions F CFA \u00e0 l\u2019organisation non gouvernementale pour la Promotion de la chirurgie r\u00e9paratrice (ONG-PPCR). La Fondation Bank of Afrique (BOA) \u0153uvre pour l\u2019am\u00e9lioration continue des conditions de sant\u00e9 des [&hellip;]<\/p>\n","protected":false},"author":1816,"featured_media":0,"comment_status":"closed","ping_status":"closed","sticky":false,"template":"","format":"standard","meta":{"fifu_image_url":"","fifu_image_alt":"","footnotes":""},"categories":[73,81],"tags":[],"class_list":["post-65124","post","type-post","status-publish","format-standard","hentry","category-actualite","category-burkina-faso"],"_links":{"self":[{"href":"https:\/\/linitiative.ca\/International\/wp-json\/wp\/v2\/posts\/65124","targetHints":{"allow":["GET"]}}],"collection":[{"href":"https:\/\/linitiative.ca\/International\/wp-json\/wp\/v2\/posts"}],"about":[{"href":"https:\/\/linitiative.ca\/International\/wp-json\/wp\/v2\/types\/post"}],"author":[{"embeddable":true,"href":"https:\/\/linitiative.ca\/International\/wp-json\/wp\/v2\/users\/1816"}],"replies":[{"embeddable":true,"href":"https:\/\/linitiative.ca\/International\/wp-json\/wp\/v2\/comments?post=65124"}],"version-history":[{"count":0,"href":"https:\/\/linitiative.ca\/International\/wp-json\/wp\/v2\/posts\/65124\/revisions"}],"wp:attachment":[{"href":"https:\/\/linitiative.ca\/International\/wp-json\/wp\/v2\/media?parent=65124"}],"wp:term":[{"taxonomy":"category","embeddable":true,"href":"https:\/\/linitiative.ca\/International\/wp-json\/wp\/v2\/categories?post=65124"},{"taxonomy":"post_tag","embeddable":true,"href":"https:\/\/linitiative.ca\/International\/wp-json\/wp\/v2\/tags?post=65124"}],"curies":[{"name":"wp","href":"https:\/\/api.w.org\/{rel}","templated":true}]}}