{"id":65132,"date":"2019-10-21T17:18:03","date_gmt":"2019-10-21T21:18:03","guid":{"rendered":"https:\/\/linitiative.ca\/International\/macky-sall-limoge-trois-hauts-fonctionnaires-dans-la-journee-du-lundi\/"},"modified":"2019-10-21T17:18:03","modified_gmt":"2019-10-21T21:18:03","slug":"macky-sall-limoge-trois-hauts-fonctionnaires-dans-la-journee-du-lundi","status":"publish","type":"post","link":"https:\/\/linitiative.ca\/International\/macky-sall-limoge-trois-hauts-fonctionnaires-dans-la-journee-du-lundi\/","title":{"rendered":"Macky Sall limoge trois hauts fonctionnaires dans la journ\u00e9e du lundi"},"content":{"rendered":"<div readability=\"32\">\n<p>Publi\u00e9 le 21.10.2019 \u00e0 22h18 par APA News<\/p>\n<\/div>\n<div readability=\"65\">\n<p>La communication de certains agents de l\u2019Etat autour d\u2019une possible r\u00e9vision du proc\u00e8s de Karim Wade et le probable troisi\u00e8me mandat du pr\u00e9sident Macky Sall semble \u00eatre mal appr\u00e9ci\u00e9e par ce dernier qui a limog\u00e9 tour \u00e0 tour, dans un d\u00e9cret publi\u00e9 lundi, Samba Ndiaye Seck, Moustapha K\u00e2 et Sory Kaba.Les deux premiers sont respectivement le directeur de cabinet du Secr\u00e9taire d\u2019Etat aux droits humains et le directeur des droits humains, tandis que le troisi\u00e8me est le directeur g\u00e9n\u00e9ral des S\u00e9n\u00e9galais de l\u2019ext\u00e9rieur.<br \/>\u00a0<br \/>Pour Samba Ndiaye Seck et Moustapha K\u00e2, ils ont \u00e9t\u00e9 d\u00e9mis de leurs fonctions \u00ab\u00a0suite aux d\u00e9clarations tenues (\u2026) au Comit\u00e9 des droits de l\u2019homme, lesquelles ne sont pas conformes \u00e0 la position officielle de l\u2019Etat du S\u00e9n\u00e9gal\u00a0\u00bb concernant l\u2019affaire du fils de l\u2019ex-chef d\u2019Etat Abdoulaye Wade, indique le minist\u00e8re de la Justice dans un communiqu\u00e9.<br \/>\u00a0<br \/>Condamn\u00e9 par la CREI avant de b\u00e9n\u00e9ficier d\u2019 une gr\u00e2ce pour partir en exil au Qatar en 2016, l\u2019ancien puissant ministre du r\u00e9gime lib\u00e9ral avait vu son dossier \u00eatre plaid\u00e9 au sortir de la pr\u00e9sentation du cinqui\u00e8me rapport du S\u00e9n\u00e9gal \u00e0 la 127e session du Comit\u00e9 des droits de l\u2019homme tenue \u00e0 Gen\u00e8ve, en Suisse.<br \/>\u00a0<br \/>Par la voix de ses deux repr\u00e9sentants, dans une vid\u00e9o partag\u00e9e en boucle la semaine derni\u00e8re, le pays s\u2019\u00e9tait engag\u00e9 \u00e0 se conformer aux recommandations de cet organe relativement \u00e0 un r\u00e9examen du dossier judiciaire de Karim Wade.<br \/>\u00a0<br \/>Mais une cacophonie na\u00eetra apr\u00e8s que le minist\u00e8re s\u00e9n\u00e9galais des Affaires \u00e9trang\u00e8res a d\u00e9menti cette information, cr\u00e9ant ainsi une grande pol\u00e9mique.<br \/>\u00a0<br \/>Ces derniers jours, Abdoulaye Wade et son successeur \u00a0Macky Sall s\u2019\u00e9taient beaucoup rapproch\u00e9 apr\u00e8s sept ans de brouille. Ce faisant, beaucoup parlaient d\u2019une possible amnistie de Karim Wade pour pouvoir recouvrer ses droits civiques et par cons\u00e9quent retrouver le S\u00e9n\u00e9gal o\u00f9 il est sous la menace d\u2019une contrainte par corps s\u2019il ne paie pas l\u2019amende d\u2019une centaine de milliards de FCFA prononc\u00e9e par la CREI, une juridiction sp\u00e9ciale.<br \/>\u00a0<br \/>Concernant Sory Kaba, remplac\u00e9 dans la foul\u00e9e de son limogeage par Amadou Fran\u00e7ois Gaye, expert financier et titulaire d\u2019un MBA de l\u2019Universit\u00e9 des Sciences de Philadelphie, il doit sa m\u00e9saventure \u00e0 ses propos tenus hier dimanche dans une \u00e9mission de la radio priv\u00e9e RFM.<br \/>\u00a0<br \/>R\u00e9pondant \u00e0 une question sur un possible troisi\u00e8me mandat du chef de l\u2019Etat en 2024, le non moins responsable politique \u00e0 Fatick (centre), r\u00e9gion natale du pr\u00e9sident, n\u2019a pas esquiv\u00e9 comme beaucoup de ses camarades de parti. Il a soulign\u00e9 que Macky Sall entamait son dernier mandat \u00e0 la t\u00eate de l\u2019Etat comme l\u2019avait d\u00e9clar\u00e9 d\u2019ailleurs \u00e0 APA, en mars dernier, au lendemain de la victoire de Macky Sall \u00e0 la pr\u00e9sidentielle, le nouveau porte-parole du gouvernement Seydou Gu\u00e8ye.<br \/>\u00a0<br \/>Mais sept mois apr\u00e8s, le contexte semble ne plus \u00eatre le m\u00eame et beaucoup de responsables de l\u2019APR, comme le directeur du quotidien national Le Soleil, Yakham Mbaye, se sont montr\u00e9s critiques face aux d\u00e9clarations de Sory Kaba, estimant qu\u2019il n\u2019a pas respect\u00e9 la nouvelle ligne communicationnelle de la coalition pr\u00e9sidentielle.<br \/>\u00a0<br \/>Par ailleurs, Macky Sall a jusque-l\u00e0 affirm\u00e9 que ce deuxi\u00e8me mandat qu\u2019il a obtenu le 24 f\u00e9vrier dernier \u00e9tait son dernier m\u00eame si certains juristes restent sceptiques apr\u00e8s les modifications apport\u00e9es lors du r\u00e9f\u00e9rendum de 2016 o\u00f9 le mandat pr\u00e9sidentiel \u00e9tait ramen\u00e9 de 7 \u00e0 5 ans.<br \/>\u00a0<\/p>\n<\/div>\n<p>Auteur: APA News<br \/>\n<a href=\"https:\/\/www.journalducameroun.com\/macky-sall-limoge-trois-hauts-fonctionnaires-dans-la-journee-du-lundi\/\">Cliquez ici pour lire l&rsquo;article depuis sa source.<\/a><\/p>\n","protected":false},"excerpt":{"rendered":"<p>Publi\u00e9 le 21.10.2019 \u00e0 22h18 par APA News La communication de certains agents de l\u2019Etat autour d\u2019une possible r\u00e9vision du proc\u00e8s de Karim Wade et le probable troisi\u00e8me mandat du pr\u00e9sident Macky Sall semble \u00eatre mal appr\u00e9ci\u00e9e par ce dernier qui a limog\u00e9 tour \u00e0 tour, dans un d\u00e9cret publi\u00e9 lundi, Samba Ndiaye Seck, Moustapha [&hellip;]<\/p>\n","protected":false},"author":1965,"featured_media":0,"comment_status":"closed","ping_status":"closed","sticky":false,"template":"","format":"standard","meta":{"fifu_image_url":"","fifu_image_alt":"","footnotes":""},"categories":[73,82],"tags":[],"class_list":["post-65132","post","type-post","status-publish","format-standard","hentry","category-actualite","category-cameroun"],"_links":{"self":[{"href":"https:\/\/linitiative.ca\/International\/wp-json\/wp\/v2\/posts\/65132","targetHints":{"allow":["GET"]}}],"collection":[{"href":"https:\/\/linitiative.ca\/International\/wp-json\/wp\/v2\/posts"}],"about":[{"href":"https:\/\/linitiative.ca\/International\/wp-json\/wp\/v2\/types\/post"}],"author":[{"embeddable":true,"href":"https:\/\/linitiative.ca\/International\/wp-json\/wp\/v2\/users\/1965"}],"replies":[{"embeddable":true,"href":"https:\/\/linitiative.ca\/International\/wp-json\/wp\/v2\/comments?post=65132"}],"version-history":[{"count":0,"href":"https:\/\/linitiative.ca\/International\/wp-json\/wp\/v2\/posts\/65132\/revisions"}],"wp:attachment":[{"href":"https:\/\/linitiative.ca\/International\/wp-json\/wp\/v2\/media?parent=65132"}],"wp:term":[{"taxonomy":"category","embeddable":true,"href":"https:\/\/linitiative.ca\/International\/wp-json\/wp\/v2\/categories?post=65132"},{"taxonomy":"post_tag","embeddable":true,"href":"https:\/\/linitiative.ca\/International\/wp-json\/wp\/v2\/tags?post=65132"}],"curies":[{"name":"wp","href":"https:\/\/api.w.org\/{rel}","templated":true}]}}