{"id":65134,"date":"2019-10-21T13:43:14","date_gmt":"2019-10-21T17:43:14","guid":{"rendered":"https:\/\/linitiative.ca\/International\/universite-de-maroua-le-pca-et-le-recteur-a-couteaux-tires\/"},"modified":"2019-10-21T13:43:14","modified_gmt":"2019-10-21T17:43:14","slug":"universite-de-maroua-le-pca-et-le-recteur-a-couteaux-tires","status":"publish","type":"post","link":"https:\/\/linitiative.ca\/International\/universite-de-maroua-le-pca-et-le-recteur-a-couteaux-tires\/","title":{"rendered":"Universit\u00e9 de Maroua: le PCA et le recteur \u00e0 couteaux tir\u00e9s"},"content":{"rendered":"<p>La 5<sup>e<\/sup>\u00a0session extraordinaire du conseil d\u2019administration de l\u2019universit\u00e9 de Maroua s\u2019est tenue vendredi 18 octobre 2019. Cette session consacr\u00e9e \u00e0 l\u2019examen des comptes de l\u2019exercice 2018 a \u00e9t\u00e9 tr\u00e8s tendue.\u00a0<strong>Abdoulaye Babal\u00e9,\u00a0<\/strong>PCA de l\u2019\u00e9tablissement, a exig\u00e9 aux membres du conseil de rejeter la validit\u00e9 du compte administratif du recteur\u00a0<strong>Idrissou Alioum,<\/strong>\u00a0de m\u00eame que le compte de gestion de l\u2019ex agent comptable,\u00a0<strong>Prosper Ovambe Mvondo<\/strong>.<\/p>\n<p>Selon une source cit\u00e9e par le trihebdomadaire l\u2019\u0153il du Sahel,\u00a0<em>\u00ab\u00a0le PCA a demand\u00e9 aux administrateurs du conseil d\u2019adopter les comptes s\u2019ils le souhaitaient, mais que lui, ne pouvait engager sa responsabilit\u00e9 en les adoptant. Je peux dire que dans la salle, il y avait des administrateurs qui voulaient adopter les comptes en \u00e9mettant toutefois des r\u00e9serves sur certains points o\u00f9 des manquements avaient \u00e9t\u00e9 observ\u00e9s, mais les d\u00e9clarations du PCA ont oblig\u00e9 beaucoup \u00e0 faire profil bas pour ne pas le heurter de front\u00a0\u00bb,\u00a0<\/em>a-t-elle confi\u00e9.<\/p>\n<p>Le d\u00e9saccord, a-t-on appris, porte sur les d\u00e9penses d\u2019un montant de\u00a0<strong>200 millions de FCFA\u00a0<\/strong>effectu\u00e9es lors des jeux universitaires organis\u00e9s en mai 2018 par l\u2019universit\u00e9 de Maroua.\u00a0\u00a0Selon le\u00a0PCA, ces d\u00e9penses n\u2019ont pas des justificatifs fiables. Il indexe <em>\u00ab\u00a0le non-respect de certains principes budg\u00e9taires\u00a0\u00bb<\/em>. Il a \u00e9galement annonc\u00e9 son intention de saisir le minist\u00e8re des Finances afin de solliciter de celui-ci ses services comp\u00e9tents \u00e0 l\u2019effet d\u2019appuyer l\u2019institution\u00a0<em>\u00ab\u00a0en technique de production des comptes administratifs et de gestion\u00a0\u00bb<\/em>\u00a0avant d\u2019examiner le projet de budget de l\u2019universit\u00e9 pour l\u2019ann\u00e9e 2020.<\/p>\n<p>Pour comprendre le c\u0153ur de ces m\u00e9sententes entre les deux personnalit\u00e9s, un responsable de l\u2019universit\u00e9 de Maroua indique que\u00a0<em>\u00ab\u00a0le PCA ne m\u00e9nage aucun effort pour s\u2019immiscer dans la gestion quotidienne de l\u2019universit\u00e9 et rencontre chaque fois l\u2019opposition du recteur, jaloux de ses pr\u00e9rogatives. C\u2019est ce bras de fer qui s\u2019est transport\u00e9, pour le malheur de l\u2019universit\u00e9 au Conseil dont la tenue de chaque session coute \u00e0 l\u2019universit\u00e9 20 millions de FCFA. Ce sont au moins 60 millions de FCFA qui seront d\u00e9pens\u00e9s uniquement pour la validation des comptes administratif et de gestion\u00a0\u00bb.<\/em><\/p>\n<p>Le 8 octobre, inform\u00e9e de la difficile collaboration entre le PCA et le recteur,\u00a0<strong>Jacques Fame Ndongo<\/strong>, ministre de l\u2019Enseignement sup\u00e9rieur, a tent\u00e9 d\u2019apaiser cette coop\u00e9ration p\u00e9nible, par voie de correspondance. Le\u00a0<strong>Minesup<\/strong>\u00a0invitait\u00a0<strong>Abdoulaye<\/strong>\u00a0<strong>Babal\u00e9<\/strong>, sur instruction du Premier ministre \u00e0 \u00ab\u00a0une bonne collaboration avec le recteur<em>.<\/em> Il appelait que<em>\u00a0\u00ab\u00a0selon les dispositions r\u00e8glementaires en vigueur, le conseil d\u2019administration est un organe coll\u00e9gial dont le pr\u00e9sident et les membres n\u2019ont pas de comp\u00e9tences propres. De ce fait, le pr\u00e9sident ou un quelconque membre du conseil ne doit s\u2019ing\u00e9rer dans la gestion quotidienne de l\u2019universit\u00e9\u00a0; celle-ci \u00e9tant de la seule responsabilit\u00e9 du recteur\u00a0\u00bb<\/em>.<\/p>\n<div class=\"about-author about-author-box container-wrapper\">\n<div class=\"author-avatar\">\n<p><img decoding=\"async\" src=\"http:\/\/\" alt=\"\"\/><\/p>\n<\/div>\n<p><h4>La R\u00e9daction EcoMatin<\/h4>\n<\/p>\n<\/div>\n<div class=\"awac-wrapper awac widget blog_subscription-2\">\n<h4 class=\"widget-title\">Abonnez-vous \u00e0 notre lettre d&rsquo;information<\/h4>\n<\/div>\n<p>Auteur: EcoMatin<br \/>\n<a href=\"https:\/\/ecomatin.net\/discorde-entre-le-pca-et-le-recteur-de-luniversite-de-maroua-sur-ladoption-des-comptes-2018\/\">Cliquez ici pour lire l&rsquo;article depuis sa source.<\/a><\/p>\n","protected":false},"excerpt":{"rendered":"<p>La 5e\u00a0session extraordinaire du conseil d\u2019administration de l\u2019universit\u00e9 de Maroua s\u2019est tenue vendredi 18 octobre 2019. Cette session consacr\u00e9e \u00e0 l\u2019examen des comptes de l\u2019exercice 2018 a \u00e9t\u00e9 tr\u00e8s tendue.\u00a0Abdoulaye Babal\u00e9,\u00a0PCA de l\u2019\u00e9tablissement, a exig\u00e9 aux membres du conseil de rejeter la validit\u00e9 du compte administratif du recteur\u00a0Idrissou Alioum,\u00a0de m\u00eame que le compte de gestion [&hellip;]<\/p>\n","protected":false},"author":1969,"featured_media":0,"comment_status":"closed","ping_status":"closed","sticky":false,"template":"","format":"standard","meta":{"fifu_image_url":"","fifu_image_alt":"","footnotes":""},"categories":[82,78],"tags":[],"class_list":["post-65134","post","type-post","status-publish","format-standard","hentry","category-cameroun","category-economie"],"_links":{"self":[{"href":"https:\/\/linitiative.ca\/International\/wp-json\/wp\/v2\/posts\/65134","targetHints":{"allow":["GET"]}}],"collection":[{"href":"https:\/\/linitiative.ca\/International\/wp-json\/wp\/v2\/posts"}],"about":[{"href":"https:\/\/linitiative.ca\/International\/wp-json\/wp\/v2\/types\/post"}],"author":[{"embeddable":true,"href":"https:\/\/linitiative.ca\/International\/wp-json\/wp\/v2\/users\/1969"}],"replies":[{"embeddable":true,"href":"https:\/\/linitiative.ca\/International\/wp-json\/wp\/v2\/comments?post=65134"}],"version-history":[{"count":0,"href":"https:\/\/linitiative.ca\/International\/wp-json\/wp\/v2\/posts\/65134\/revisions"}],"wp:attachment":[{"href":"https:\/\/linitiative.ca\/International\/wp-json\/wp\/v2\/media?parent=65134"}],"wp:term":[{"taxonomy":"category","embeddable":true,"href":"https:\/\/linitiative.ca\/International\/wp-json\/wp\/v2\/categories?post=65134"},{"taxonomy":"post_tag","embeddable":true,"href":"https:\/\/linitiative.ca\/International\/wp-json\/wp\/v2\/tags?post=65134"}],"curies":[{"name":"wp","href":"https:\/\/api.w.org\/{rel}","templated":true}]}}