{"id":65136,"date":"2019-10-21T14:00:04","date_gmt":"2019-10-21T18:00:04","guid":{"rendered":"https:\/\/linitiative.ca\/International\/la-communaute-urbaine-de-douala-recrute-le-top-management-de-la-sedo-sa\/"},"modified":"2019-10-21T14:00:04","modified_gmt":"2019-10-21T18:00:04","slug":"la-communaute-urbaine-de-douala-recrute-le-top-management-de-la-sedo-sa","status":"publish","type":"post","link":"https:\/\/linitiative.ca\/International\/la-communaute-urbaine-de-douala-recrute-le-top-management-de-la-sedo-sa\/","title":{"rendered":"La Communaut\u00e9 urbaine de Douala  recrute le top management de la SEDO SA"},"content":{"rendered":"<p>Finaliser la cr\u00e9ation de l\u2019entreprise, en concevoir la strat\u00e9gie de d\u00e9veloppement, et g\u00e9rer au mieux les ressources financi\u00e8res, humaines et mat\u00e9rielles de la soci\u00e9t\u00e9. Ce sont les responsabilit\u00e9s du directeur g\u00e9n\u00e9ral que la Communaut\u00e9 urbaine de Douala (CUD) recherche pour assurer la gestion de la Soci\u00e9t\u00e9 d\u2019Etudes de Douala (SEDO SA), constitu\u00e9e le 11 octobre 2019 dans la principale ville \u00e9conomique du Cameroun.<\/p>\n<p>Ces pr\u00e9cisions sont contenues dans l\u2019appel \u00e0 manifestations lanc\u00e9 par les autorit\u00e9s de la principale ville \u00e9conomique du Cameroun pour mettre en place le top management de cette entreprise en cours de cr\u00e9ation. En plus du directeur g\u00e9n\u00e9ral, plusieurs postes sont \u00e0 pourvoir. Celui en relation avec l\u2019\u00e9conomie, les finances et l\u2019industrie sera charg\u00e9 de la conception et du suivi effectif des \u00e9tudes et des projets visant \u00e0 contextualiser localement les politiques publiques et \u00e0 contribuer \u00e0 formuler des \u00e9l\u00e9ments d\u2019aide \u00e0 la d\u00e9cision aux autorit\u00e9s locales, voire nationales, aux partenaires au d\u00e9veloppement ainsi qu\u2019au secteur priv\u00e9.<\/p>\n<p>Le responsable du \u00ab\u00a0p\u00f4le b\u00e2timent, urbanisme et am\u00e9nagement du territoire\u00a0\u00bb sera charg\u00e9 de la conception et du suivi effectif des projets de b\u00e2timents, d\u2019urbanisme et d\u2019am\u00e9nagement du territoire. Quant \u00e0 celui du \u00ab<strong>\u00a0<\/strong>p\u00f4le information g\u00e9ographique et num\u00e9rique<strong>\u00a0<\/strong>\u00bb, il s\u2019occupera de la conception et du suivi effectif des \u00e9tudes et des projets inh\u00e9rents\u00a0\u00e0 la production des donn\u00e9es cartographiques, au d\u00e9veloppement des syst\u00e8mes d\u2019information g\u00e9ographiques destin\u00e9es \u00e0 la r\u00e9alisation et \u00e0 l\u2019exploitation des travaux d\u2019urbanisme et d\u2019am\u00e9nagement du territoire, du d\u00e9veloppement des TIC pour la gestion des services urbains et la modernisation de l\u2019administration municipale et la consolidation de l\u2019\u00e9conomie num\u00e9rique. Pour le \u00ab\u00a0p\u00f4le innovation et incubation\u00a0\u00bb, il sera question de concevoir et de suivre les \u00e9tudes et les projets inh\u00e9rents, en lien avec les avanc\u00e9es technologiques \u00e9tablies et l\u2019objectif de l\u2019\u00e9mergence d\u2019une \u00ab\u00a0m\u00e9tropole \u00e9conomique\u00a0 moderne tourn\u00e9e vers l\u2019avenir\u00a0\u00bb \u00e0 Douala.<\/p>\n<p>Le \u00ab\u00a0p\u00f4le \u00a0mobilit\u00e9s, infrastructures et environnement\u00a0\u00bb requiert de son c\u00f4t\u00e9 un responsable qui va se charger de la conception et du suivi effectif des projets d\u2019infrastructures et des mobilit\u00e9s, d\u2019environnement, d\u2019\u00e9nergie et d\u2019hydraulique. Enfin, les ressources humaines et la formation seront sous la responsabilit\u00e9 de quelqu\u2019un qui s\u2019occupera des \u00e9tudes et des projets inh\u00e9rentes \u00e0 la formation et au renforcement des capacit\u00e9s du personnel de la soci\u00e9t\u00e9, le partage d\u2019exp\u00e9rience et l\u2019incubation.<\/p>\n<p>Rappelons que la SEDO SA a \u00e9t\u00e9 cr\u00e9\u00e9e \u00e0 l\u2019issue d\u2019une assembl\u00e9e g\u00e9n\u00e9rale constitutive avec un capital de <strong>1,028 milliard de FCFA<\/strong>, compos\u00e9 \u00e0 <strong>67%<\/strong> d\u2019investisseurs priv\u00e9s et <strong>33%<\/strong> pour les entit\u00e9s publiques. Parmi les actionnaires, l\u2019on recense plusieurs structures comme le Port autonome de Douala (<strong>PAD<\/strong>), la Soci\u00e9t\u00e9 d\u2019am\u00e9nagement de Douala (<strong>SAD<\/strong>), le groupe Saker, l\u2019assureur Zenith Insurance, Altis, ou encore la Soci\u00e9t\u00e9 m\u00e9tropolitaine d\u2019investissement de Douala (<strong>SMID<\/strong>), cr\u00e9\u00e9e par la CUD depuis plus d\u2019un an.<\/p>\n<p><em>\u00ab\u00a0Elle aura pour r\u00f4le l\u2019assistance \u00e0 la maitrise candidatant \u00e0 des appels d\u2019offres, nationaux ou internationaux. Elle aura la charge de la conception des \u00e9tudes en vue de la bonne r\u00e9alisation des projets, ainsi que le suivi de leur mise en \u0153uvre\u00a0\u00bb,<\/em> a pr\u00e9cis\u00e9 le d\u00e9l\u00e9gu\u00e9 du gouvernement aupr\u00e8s de la CUD, Dr Fritz Ntone Ntone. M\u00eame si elle a \u00e9t\u00e9 lanc\u00e9e dans la m\u00eame veine que la SMID, la SEDO a des comp\u00e9tences diff\u00e9rentes. Elle est en charge de <em>\u00ab\u00a0l\u2019appui \u00e0 la planification et \u00e0 la gestion du territoire, l\u2019accompagnement \u00e0 la conception des projets et \u00e9tudes op\u00e9rationnelles, le conseil et l\u2019appui au montage des proc\u00e9dures r\u00e9glementaires, l\u2019accompagnement dans l\u2019expertise environnementale\u00a0\u00bb<\/em>, pr\u00e9cise le premier magistrat de Douala.<\/p>\n<div class=\"about-author about-author-box container-wrapper\">\n<div class=\"author-avatar\">\n<p><img decoding=\"async\" src=\"http:\/\/\" alt=\"\"\/><\/p>\n<\/div>\n<p><h4>La R\u00e9daction EcoMatin<\/h4>\n<\/p>\n<\/div>\n<div class=\"awac-wrapper awac widget blog_subscription-2\">\n<h4 class=\"widget-title\">Abonnez-vous \u00e0 notre lettre d&rsquo;information<\/h4>\n<\/div>\n<p>Auteur: EcoMatin<br \/>\n<a href=\"https:\/\/ecomatin.net\/la-communaute-urbaine-de-douala-recrute-le-top-management-de-la-sedo-sa\/\">Cliquez ici pour lire l&rsquo;article depuis sa source.<\/a><\/p>\n","protected":false},"excerpt":{"rendered":"<p>Finaliser la cr\u00e9ation de l\u2019entreprise, en concevoir la strat\u00e9gie de d\u00e9veloppement, et g\u00e9rer au mieux les ressources financi\u00e8res, humaines et mat\u00e9rielles de la soci\u00e9t\u00e9. Ce sont les responsabilit\u00e9s du directeur g\u00e9n\u00e9ral que la Communaut\u00e9 urbaine de Douala (CUD) recherche pour assurer la gestion de la Soci\u00e9t\u00e9 d\u2019Etudes de Douala (SEDO SA), constitu\u00e9e le 11 octobre [&hellip;]<\/p>\n","protected":false},"author":1969,"featured_media":0,"comment_status":"closed","ping_status":"closed","sticky":false,"template":"","format":"standard","meta":{"fifu_image_url":"","fifu_image_alt":"","footnotes":""},"categories":[82,78],"tags":[],"class_list":["post-65136","post","type-post","status-publish","format-standard","hentry","category-cameroun","category-economie"],"_links":{"self":[{"href":"https:\/\/linitiative.ca\/International\/wp-json\/wp\/v2\/posts\/65136","targetHints":{"allow":["GET"]}}],"collection":[{"href":"https:\/\/linitiative.ca\/International\/wp-json\/wp\/v2\/posts"}],"about":[{"href":"https:\/\/linitiative.ca\/International\/wp-json\/wp\/v2\/types\/post"}],"author":[{"embeddable":true,"href":"https:\/\/linitiative.ca\/International\/wp-json\/wp\/v2\/users\/1969"}],"replies":[{"embeddable":true,"href":"https:\/\/linitiative.ca\/International\/wp-json\/wp\/v2\/comments?post=65136"}],"version-history":[{"count":0,"href":"https:\/\/linitiative.ca\/International\/wp-json\/wp\/v2\/posts\/65136\/revisions"}],"wp:attachment":[{"href":"https:\/\/linitiative.ca\/International\/wp-json\/wp\/v2\/media?parent=65136"}],"wp:term":[{"taxonomy":"category","embeddable":true,"href":"https:\/\/linitiative.ca\/International\/wp-json\/wp\/v2\/categories?post=65136"},{"taxonomy":"post_tag","embeddable":true,"href":"https:\/\/linitiative.ca\/International\/wp-json\/wp\/v2\/tags?post=65136"}],"curies":[{"name":"wp","href":"https:\/\/api.w.org\/{rel}","templated":true}]}}