{"id":65137,"date":"2019-10-21T14:27:59","date_gmt":"2019-10-21T18:27:59","guid":{"rendered":"https:\/\/linitiative.ca\/International\/corine-mbiaketcha-nana-nommee-dg-de-visa-en-afrique-de-lest\/"},"modified":"2019-10-21T14:27:59","modified_gmt":"2019-10-21T18:27:59","slug":"corine-mbiaketcha-nana-nommee-dg-de-visa-en-afrique-de-lest","status":"publish","type":"post","link":"https:\/\/linitiative.ca\/International\/corine-mbiaketcha-nana-nommee-dg-de-visa-en-afrique-de-lest\/","title":{"rendered":"Corine Mbiaketcha Nana nomm\u00e9e Dg de Visa en Afrique de l\u2019Est"},"content":{"rendered":"<div class=\"entry-content entry clearfix\" readability=\"60\">\n<p><a href=\"https:\/\/i2.wp.com\/ecomatin.net\/wp-content\/uploads\/2019\/10\/ecomatin.net-corine-mbiaketcha-nana-nommee-dg-de-visa-en-afrique-de-lest-ubmj9tunmpkjcbwvq5c5feef57bbff-1.jpg?ssl=1\"><\/p>\n<p><img loading=\"lazy\" decoding=\"async\" data-attachment-id=\"13171\" data-permalink=\"https:\/\/ecomatin.net\/corine-mbiaketcha-nana-nommee-dg-de-visa-en-afrique-de-lest\/ubmj9tunmpkjcbwvq5c5feef57bbff-1\/\" data-orig-file=\"https:\/\/i2.wp.com\/ecomatin.net\/wp-content\/uploads\/2019\/10\/ecomatin.net-corine-mbiaketcha-nana-nommee-dg-de-visa-en-afrique-de-lest-ubmj9tunmpkjcbwvq5c5feef57bbff-1.jpg?fit=789%2C577&#038;ssl=1\" data-orig-size=\"789,577\" data-comments-opened=\"0\" data-image-meta=\"{\"aperture\":\"0\",\"credit\":\"Betty G Njeru\",\"camera\":\"\",\"caption\":\"\",\"created_timestamp\":\"1549801716\",\"copyright\":\"\",\"focal_length\":\"0\",\"iso\":\"0\",\"shutter_speed\":\"0\",\"title\":\"\",\"orientation\":\"0\"}\" data-image-title=\"ubmj9tunmpkjcbwvq5c5feef57bbff (1)\" data-image-description=\"\" data-medium-file=\"https:\/\/i2.wp.com\/ecomatin.net\/wp-content\/uploads\/2019\/10\/ecomatin.net-corine-mbiaketcha-nana-nommee-dg-de-visa-en-afrique-de-lest-ubmj9tunmpkjcbwvq5c5feef57bbff-1.jpg?fit=300%2C219&#038;ssl=1\" data-large-file=\"https:\/\/i2.wp.com\/ecomatin.net\/wp-content\/uploads\/2019\/10\/ecomatin.net-corine-mbiaketcha-nana-nommee-dg-de-visa-en-afrique-de-lest-ubmj9tunmpkjcbwvq5c5feef57bbff-1.jpg?fit=789%2C577&#038;ssl=1\" class=\"wp-image-13171 alignleft\" src=\"https:\/\/i2.wp.com\/ecomatin.net\/wp-content\/uploads\/2019\/10\/ecomatin.net-corine-mbiaketcha-nana-nommee-dg-de-visa-en-afrique-de-lest-ubmj9tunmpkjcbwvq5c5feef57bbff-1.jpg?resize=222%2C162&#038;ssl=1\" alt=\"\" width=\"222\" height=\"162\" srcset=\"https:\/\/i2.wp.com\/ecomatin.net\/wp-content\/uploads\/2019\/10\/ecomatin.net-corine-mbiaketcha-nana-nommee-dg-de-visa-en-afrique-de-lest-ubmj9tunmpkjcbwvq5c5feef57bbff-1.jpg?w=789&#038;ssl=1 789w, https:\/\/i2.wp.com\/ecomatin.net\/wp-content\/uploads\/2019\/10\/ecomatin.net-corine-mbiaketcha-nana-nommee-dg-de-visa-en-afrique-de-lest-ubmj9tunmpkjcbwvq5c5feef57bbff-1.jpg?resize=300%2C219&#038;ssl=1 300w, https:\/\/i2.wp.com\/ecomatin.net\/wp-content\/uploads\/2019\/10\/ecomatin.net-corine-mbiaketcha-nana-nommee-dg-de-visa-en-afrique-de-lest-ubmj9tunmpkjcbwvq5c5feef57bbff-1.jpg?resize=768%2C562&#038;ssl=1 768w\" sizes=\"auto, (max-width: 222px) 100vw, 222px\" data-recalc-dims=\"1\"\/><\/p>\n<p><\/a>Bas\u00e9e \u00e0 Nairobi,\u00a0<strong>Corine Mbiaketcha<\/strong>\u00a0<strong>Nana\u00a0<\/strong>sera \u00e9galement charg\u00e9e de la strat\u00e9gie globale de Visa en Afrique de l\u2019Est. Ce qui implique de nouer et de renforcer les relations avec les clients, les r\u00e9gulateurs et les autres principales parties prenantes du secteur des paiements et de la finance. Elle rapportera \u00e0 la malienne\u00a0<strong>Aida Diarra<\/strong>, Senior vice-pr\u00e9sidente de Visa et directrice g\u00e9n\u00e9rale du groupe en Afrique subsaharienne.<strong>\u00a0<\/strong> <em>\u00ab Nous sommes ravis d\u2019accueillir Corine dans l\u2019\u00e9quipe Visa. Corine est un leader reconnu et passionn\u00e9 du secteur des technologies de la r\u00e9gion, ayant dirig\u00e9 les activit\u00e9s d\u2019Oracle en Afrique de l\u2019Est. Elle est une haute direction visionnaire, passionn\u00e9e par l\u2019utilisation de la technologie pour renforcer le d\u00e9veloppement \u00e9conomique de l\u2019Afrique. Cette expertise sera essentielle \u00e0 la strat\u00e9gie de Visa en Afrique subsaharienne. Elle a travaill\u00e9 avec un large \u00e9ventail d\u2019intervenants de divers secteurs, notamment le secteur des technologies et des services financiers, ainsi que des organismes de r\u00e9glementation et des institutions financi\u00e8res. Corine rejoint Visa au moment opportun pour aider l\u2019Afrique de l\u2019Est \u00e0 passer des esp\u00e8ces \u00e0 des formes de paiement num\u00e9riques plus fiables, s\u00e9curis\u00e9es et plus innovantes, ainsi que pour susciter l\u2019engagement de partenaires non traditionnels dans le secteur de la fintech \u00bb.<\/em><\/p>\n<p><strong>Corine Mbiaketcha<\/strong>\u00a0a occup\u00e9 divers postes chez Oracle, et a servi la soci\u00e9t\u00e9 am\u00e9ricaine de technologie pendant plus d\u2019une d\u00e9cennie. Elle a travaill\u00e9 en tant que strat\u00e8ge de march\u00e9s, directrice r\u00e9gionale et Country manager au Kenya. <em>\u00ab\u00a0La promesse de Visa est d\u2019offrir les avantages des paiements \u00e9lectroniques \u00e0 tout le monde et partout. C\u2019est un d\u00e9fi plus passionnant nulle part ailleurs qu\u2019en Afrique de l\u2019Est et dans la r\u00e9gion au sens large, o\u00f9 nous avons une merveilleuse opportunit\u00e9 de combiner technologie et partenariats avec un large \u00e9ventail de personnes pour impulser un changement v\u00e9ritablement transformationnel dans la mani\u00e8re dont l\u2019\u00e9conomie \u00e9volue. Je suis enthousiaste \u00e0 l\u2019id\u00e9e de faire partie de l\u2019\u00e9quipe Visa et j\u2019ai h\u00e2te de rencontrer et d\u2019interagir avec nos intervenants et nos partenaires \u00bb<\/em>, a d\u00e9clar\u00e9\u00a0<strong>Corine Mbiaketcha.<\/strong><\/p>\n<p>D\u00e9tentrice d\u2019un bachelor en sciences math\u00e9matiques obtenu en 1995 \u00e0 l\u2019universit\u00e9 Claude Bernard Lyon 1, elle est \u00e9galement titulaire d\u2019un\u00a0bachelor en European business with technology\u00a0de la Brighton business school (Royaume Uni) et d\u2019un Master en European business with technology de l\u2019\u00e9cole de management L\u00e9onard de Vinci. Elle a travaill\u00e9 pour de grandes organisations et des soci\u00e9t\u00e9s financi\u00e8res en Afrique francophone. La Camerounaise a particip\u00e9 \u00e0 de grands projets de transformation informatique dans les domaines des finances publiques, des t\u00e9l\u00e9communications et des services financiers \u00e0 travers le continent.<\/p>\n<div class=\"about-author about-author-box container-wrapper\">\n<div class=\"author-avatar\">\n<p><img decoding=\"async\" src=\"http:\/\/\" alt=\"\"\/><\/p>\n<\/div>\n<p><h4>La R\u00e9daction EcoMatin<\/h4>\n<\/p>\n<\/div>\n<div class=\"awac-wrapper awac widget blog_subscription-2\">\n<h4 class=\"widget-title\">Abonnez-vous \u00e0 notre lettre d&rsquo;information<\/h4>\n<\/div>\n<\/div>\n<div class=\"toggle-post-content clearfix\"><a id=\"toggle-post-button\" class=\"button\" href=\"#\">Afficher plus <\/a><\/div>\n<p>Auteur: EcoMatin<br \/>\n<a href=\"https:\/\/ecomatin.net\/corine-mbiaketcha-nana-nommee-dg-de-visa-en-afrique-de-lest\/\">Cliquez ici pour lire l&rsquo;article depuis sa source.<\/a><\/p>\n","protected":false},"excerpt":{"rendered":"<p>Bas\u00e9e \u00e0 Nairobi,\u00a0Corine Mbiaketcha\u00a0Nana\u00a0sera \u00e9galement charg\u00e9e de la strat\u00e9gie globale de Visa en Afrique de l\u2019Est. Ce qui implique de nouer et de renforcer les relations avec les clients, les r\u00e9gulateurs et les autres principales parties prenantes du secteur des paiements et de la finance. Elle rapportera \u00e0 la malienne\u00a0Aida Diarra, Senior vice-pr\u00e9sidente de Visa [&hellip;]<\/p>\n","protected":false},"author":1969,"featured_media":0,"comment_status":"closed","ping_status":"closed","sticky":false,"template":"","format":"standard","meta":{"fifu_image_url":"","fifu_image_alt":"","footnotes":""},"categories":[82,78],"tags":[],"class_list":["post-65137","post","type-post","status-publish","format-standard","hentry","category-cameroun","category-economie"],"_links":{"self":[{"href":"https:\/\/linitiative.ca\/International\/wp-json\/wp\/v2\/posts\/65137","targetHints":{"allow":["GET"]}}],"collection":[{"href":"https:\/\/linitiative.ca\/International\/wp-json\/wp\/v2\/posts"}],"about":[{"href":"https:\/\/linitiative.ca\/International\/wp-json\/wp\/v2\/types\/post"}],"author":[{"embeddable":true,"href":"https:\/\/linitiative.ca\/International\/wp-json\/wp\/v2\/users\/1969"}],"replies":[{"embeddable":true,"href":"https:\/\/linitiative.ca\/International\/wp-json\/wp\/v2\/comments?post=65137"}],"version-history":[{"count":0,"href":"https:\/\/linitiative.ca\/International\/wp-json\/wp\/v2\/posts\/65137\/revisions"}],"wp:attachment":[{"href":"https:\/\/linitiative.ca\/International\/wp-json\/wp\/v2\/media?parent=65137"}],"wp:term":[{"taxonomy":"category","embeddable":true,"href":"https:\/\/linitiative.ca\/International\/wp-json\/wp\/v2\/categories?post=65137"},{"taxonomy":"post_tag","embeddable":true,"href":"https:\/\/linitiative.ca\/International\/wp-json\/wp\/v2\/tags?post=65137"}],"curies":[{"name":"wp","href":"https:\/\/api.w.org\/{rel}","templated":true}]}}