{"id":65140,"date":"2019-10-22T10:00:26","date_gmt":"2019-10-22T14:00:26","guid":{"rendered":"https:\/\/linitiative.ca\/International\/lamatem-inaugure-son-usine-specialisee-dans-le-textile-medical-a-berrechid\/"},"modified":"2019-10-22T10:00:26","modified_gmt":"2019-10-22T14:00:26","slug":"lamatem-inaugure-son-usine-specialisee-dans-le-textile-medical-a-berrechid","status":"publish","type":"post","link":"https:\/\/linitiative.ca\/International\/lamatem-inaugure-son-usine-specialisee-dans-le-textile-medical-a-berrechid\/","title":{"rendered":"Lamatem inaugure son usine sp\u00e9cialis\u00e9e dans le textile m\u00e9dical \u00e0 Berrechid"},"content":{"rendered":"<p><img decoding=\"async\" class=\"post_layout_5_img\" src=\"http:\/\/aujourdhui.ma\/wp-content\/uploads\/2019\/10\/textile-me%CC%81dical.jpg?x29840\" alt=\"Lamatem inaugure son usine sp\u00e9cialis\u00e9e dans le textile m\u00e9dical \u00e0 Berrechid\"\/><\/p>\n<p class=\"p1\"><span class=\"c5\"><strong><span class=\"s1 c4\"><em>D\u2019une capacit\u00e9 de production de 6 millions d\u2019unit\u00e9s par mois<\/em><\/span><\/strong><\/span> <span id=\"more-320893\"\/><\/p>\n<div class=\"base-box mom_box_sc_custom mom_box_sc clear c6\" readability=\"9\">\n<p class=\"p1\"><em><strong>Le projet a \u00e9t\u00e9 r\u00e9alis\u00e9 pour un investissement global de 120 millions DH avec la cr\u00e9ation de pr\u00e8s de 850 postes (directs et indirects). A cela s\u2019ajoute une capacit\u00e9 de production estim\u00e9e \u00e0 6 millions d\u2019unit\u00e9s par mois.<\/strong><\/em><\/p>\n<\/div>\n<p class=\"p1\"><span class=\"s1\">Le textile marocain reprend des couleurs et s\u2019attaque \u00e0 une industrie jusque-l\u00e0 r\u00e9serv\u00e9e \u00e0 un club restreint de producteurs. Il s\u2019agit de la fabrication du textile m\u00e9dical. C\u2019est le pari lanc\u00e9 par Lamatem qui vient d\u2019inaugurer le 21 octobre 2019 dans la zone industrielle de Berrechid son unit\u00e9 sp\u00e9cialis\u00e9e dans la production d\u2019articles de textile m\u00e9dical \u00e0 usage unique. Dans un premier temps, l\u2019entreprise vise en grande partie l\u2019export. Blouses, drapage, pyjamas de bloc, casaques, charlotte, cagoules\u2026 cette unit\u00e9 qui a d\u00e9j\u00e0 d\u00e9marr\u00e9 sa production en avril 2019 mise sur un segment prometteur et concurrentiel au niveau international. Ainsi, l\u2019entreprise se dit capable de fabriquer tous les types d\u2019habillement n\u00e9cessaires dans les diff\u00e9rentes interventions m\u00e9dicales. Le projet a \u00e9t\u00e9 r\u00e9alis\u00e9 pour un investissement global de 120 millions de dirhams avec la cr\u00e9ation de pr\u00e8s de 850 postes (directs et indirects).<\/span><\/p>\n<p class=\"p1\"><span class=\"s1\">A cela s\u2019ajoute une capacit\u00e9 de production estim\u00e9e \u00e0 6 millions d\u2019unit\u00e9s par mois. Lors de la c\u00e9r\u00e9monie d\u2019inauguration, Moulay Hafid Elalamy, ministre de l\u2019industrie, du commerce, de l\u2019\u00e9conomie verte et num\u00e9rique, a mis en avant cet investissement qui permet la cr\u00e9ation d\u2019emplois dans la r\u00e9gion, densifie l\u2019\u00e9cosyst\u00e8me, \u00e0 savoir le textile \u00e0 usage technique. Selon le ministre, il s\u2019agit d\u2019une fili\u00e8re innovante qui pr\u00e9sente un fort potentiel de d\u00e9veloppement expliquant que cette usine vient renforcer les capacit\u00e9s de production du textile \u00e0 usage m\u00e9dical dont les produits au Maroc sont exclusivement import\u00e9s. \u00ab<em>Avec ce projet d\u2019envergure, le Maroc entre dans le club restreint des pays producteurs de textile m\u00e9dical \u00e0 usage unique. Bien entendu, notre premier objectif est de servir le secteur de la sant\u00e9 dans notre pays\u00bb,<\/em> explique Abdellah Badaa, pr\u00e9sident-directeur g\u00e9n\u00e9ral de Lamatem.<\/span><\/p>\n<p class=\"p1\"><span class=\"s1\">En termes de chiffres, cette usine s\u2019\u00e9tale sur une surface de 2,34 hectares. Elle est d\u00e9velopp\u00e9e sur une surface couverte de 13.800 m\u00e8tres carr\u00e9s, dont une salle blanche consid\u00e9r\u00e9e comme la plus grande en Afrique du Nord (6.000 m\u00e8tres carr\u00e9s extensibles \u00e0 8.500 m\u00e8tres carr\u00e9s). L\u2019unit\u00e9 dispose \u00e9galement d\u2019un hangar de stockage avec des quais de livraison et de r\u00e9ception de 2.500 m\u00e8tres carr\u00e9s en plus d\u2019un b\u00e2timent administratif.<\/span><\/p>\n<p class=\"p1\"><span class=\"s1\">En termes de normes, Ali Badaa, DG de Lamatem, a pr\u00e9cis\u00e9 que cette unit\u00e9 a \u00e9t\u00e9 con\u00e7ue selon les normes internationales, ce qui lui a permis d\u2019avoir toutes les certifications n\u00e9cessaires pour la prise en charge des commandes d\u2019articles de textile m\u00e9dical du monde entier. Notons que cette c\u00e9r\u00e9monie a \u00e9t\u00e9 marqu\u00e9e par la pr\u00e9sence de Claudia Wiedey, ambassadeur et chef de la d\u00e9l\u00e9gation de l\u2019Union europ\u00e9enne au Maroc et Jennifer Rasamimanana, consule g\u00e9n\u00e9rale des Etats-Unis au Maroc, des repr\u00e9sentants de la BERD.<\/span><\/p>\n<p class=\"p1\"><span class=\"s1\">La banque est \u00e9galement partenaire de ce projet \u00e0 travers une participation de son programme Value Chain Competitiveness.<\/span><\/p>\n<p>Auteur: Ouchagour Leila<br \/>\n<a href=\"http:\/\/aujourdhui.ma\/economie\/lamatem-inaugure-son-usine-specialisee-dans-le-textile-medical-a-berrechid\">Cliquez ici pour lire l&rsquo;article depuis sa source.<\/a><\/p>\n","protected":false},"excerpt":{"rendered":"<p>D\u2019une capacit\u00e9 de production de 6 millions d\u2019unit\u00e9s par mois Le projet a \u00e9t\u00e9 r\u00e9alis\u00e9 pour un investissement global de 120 millions DH avec la cr\u00e9ation de pr\u00e8s de 850 postes (directs et indirects). A cela s\u2019ajoute une capacit\u00e9 de production estim\u00e9e \u00e0 6 millions d\u2019unit\u00e9s par mois. Le textile marocain reprend des couleurs et [&hellip;]<\/p>\n","protected":false},"author":1759,"featured_media":0,"comment_status":"closed","ping_status":"closed","sticky":false,"template":"","format":"standard","meta":{"fifu_image_url":"","fifu_image_alt":"","footnotes":""},"categories":[73,54],"tags":[],"class_list":["post-65140","post","type-post","status-publish","format-standard","hentry","category-actualite","category-maroc"],"_links":{"self":[{"href":"https:\/\/linitiative.ca\/International\/wp-json\/wp\/v2\/posts\/65140","targetHints":{"allow":["GET"]}}],"collection":[{"href":"https:\/\/linitiative.ca\/International\/wp-json\/wp\/v2\/posts"}],"about":[{"href":"https:\/\/linitiative.ca\/International\/wp-json\/wp\/v2\/types\/post"}],"author":[{"embeddable":true,"href":"https:\/\/linitiative.ca\/International\/wp-json\/wp\/v2\/users\/1759"}],"replies":[{"embeddable":true,"href":"https:\/\/linitiative.ca\/International\/wp-json\/wp\/v2\/comments?post=65140"}],"version-history":[{"count":0,"href":"https:\/\/linitiative.ca\/International\/wp-json\/wp\/v2\/posts\/65140\/revisions"}],"wp:attachment":[{"href":"https:\/\/linitiative.ca\/International\/wp-json\/wp\/v2\/media?parent=65140"}],"wp:term":[{"taxonomy":"category","embeddable":true,"href":"https:\/\/linitiative.ca\/International\/wp-json\/wp\/v2\/categories?post=65140"},{"taxonomy":"post_tag","embeddable":true,"href":"https:\/\/linitiative.ca\/International\/wp-json\/wp\/v2\/tags?post=65140"}],"curies":[{"name":"wp","href":"https:\/\/api.w.org\/{rel}","templated":true}]}}