{"id":65141,"date":"2019-10-22T10:30:26","date_gmt":"2019-10-22T14:30:26","guid":{"rendered":"https:\/\/linitiative.ca\/International\/fitut-une-13e-edition-qui-celebre-le-parcours-de-malika-omari-et-zoubir-ben-bouchta\/"},"modified":"2019-10-22T10:30:26","modified_gmt":"2019-10-22T14:30:26","slug":"fitut-une-13e-edition-qui-celebre-le-parcours-de-malika-omari-et-zoubir-ben-bouchta","status":"publish","type":"post","link":"https:\/\/linitiative.ca\/International\/fitut-une-13e-edition-qui-celebre-le-parcours-de-malika-omari-et-zoubir-ben-bouchta\/","title":{"rendered":"FITUT : Une 13e \u00e9dition qui c\u00e9l\u00e8bre le parcours de Malika Omari et Zoubir Ben Bouchta"},"content":{"rendered":"<p><img decoding=\"async\" class=\"post_layout_5_img\" src=\"http:\/\/aujourdhui.ma\/wp-content\/uploads\/2019\/10\/Malika-Omari-et-Zoubir-Ben-Bouchta.jpg?x29840\" alt=\"FITUT : Une 13e \u00e9dition qui c\u00e9l\u00e8bre le parcours de Malika Omari et Zoubir Ben Bouchta\"\/><\/p>\n<p class=\"p1\"><span class=\"c4\"><strong><em>Onze troupes de th\u00e9\u00e2tre prennent part\u00a0<\/em><em>\u00e0 la comp\u00e9tition officielle<\/em><\/strong><\/span> <span id=\"more-320931\"\/><\/p>\n<div class=\"base-box mom_box_sc_custom mom_box_sc clear c5\" readability=\"16\">\n<p class=\"p1\"><strong><span class=\"s1\"><em>Cette \u00e9dition accueille onze troupes de th\u00e9\u00e2tre universitaire venues de plusieurs pays dont la C\u00f4te d\u2019Ivoire, la Tunisie, l\u2019\u00c9gypte, la Pologne, la Lituanie, l\u2019Italie, Oman, les \u00c9tats-Unis et le Maroc.<\/em><\/span><\/strong><\/p>\n<\/div>\n<p class=\"p1\"><span class=\"s1\">La 13\u00e8me \u00e9dition du Festival international du th\u00e9\u00e2tre universitaire de Tanger qui a d\u00e9marr\u00e9 hier se poursuit jusqu\u2019au 26 octobre. Plac\u00e9e sous le Haut patronage de Sa Majest\u00e9 le Roi Mohammed VI, cette \u00e9dition a pour th\u00e8me \u00abLe th\u00e9\u00e2tre : une m\u00e9lodie des corps\u00bb. Elle accueille, selon les organisateurs, onze troupes de th\u00e9\u00e2tre universitaire venues de plusieurs pays dont la C\u00f4te d\u2019Ivoire, la Tunisie, l\u2019\u00c9gypte, la Pologne, la Lituanie, l\u2019Italie, Oman, les \u00c9tats-Unis et le Maroc.<\/span><\/p>\n<p class=\"p1\"><span class=\"s1\">Parmi lesquelles il y a lieu de citer \u00abMon Paradis\u00bb de la troupe Crou-Bouak, \u00abLimbo\u00bb de la troupe de la Facult\u00e9 des sciences juridiques et scientifiques de F\u00e8s, \u00abIllusion\u00bb de th\u00e9\u00e2tre acad\u00e9mie de Sofia Amendolea, \u00abTr\u00e9gova\u00bb de Ain-Shams, \u00abRas F Ras\u00bb de Fantasia, \u00abVoyage\u00bb de la troupe Ben M\u2019sik Casa et \u00abDerbna Tirane\u00bb de Masrah El Madina. Outre ces pi\u00e8ces, trois autres seront jou\u00e9es hors comp\u00e9tition. Il s\u2019agit de \u00abInterdit de publication\u00bb de Soukaina Ennaji, \u00abAbstrait\u00bb de l\u2019espace th\u00e9\u00e2tre et management, et \u00abDon Quichoh\u00bb de l\u2019association Tifswin du th\u00e9\u00e2tre amazigh. A l\u2019instar des repr\u00e9sentations th\u00e9\u00e2trales, cette \u00e9dition c\u00e9l\u00e8bre le parcours de deux noms connus sur la sc\u00e8ne th\u00e9\u00e2trale. Il s\u2019agit de la com\u00e9dienne Malika Omari.<\/span><\/p>\n<p class=\"p1\"><span class=\"s1\">Son nom est li\u00e9 aux grands hommes du th\u00e9\u00e2tre national tels Tayeb Seddiki, Mohamed El Jem et autres. Durant sa carri\u00e8re elle a particip\u00e9 \u00e0 de nombreuses \u0153uvres dont notamment Awdat Al Ibn, Al Taawam ou Al Makan Al Majhoul. De son c\u00f4t\u00e9, le comit\u00e9 d\u2019organisation choisi de rendre hommage au dramaturge Zoubir BenBouchta. Il est l\u2019une des personnalit\u00e9s culte ayant marqu\u00e9 la sc\u00e8ne th\u00e9\u00e2trale marocaine. Il a donn\u00e9 naissance \u00e0 des chefs-d\u2019\u0153uvre atypique tels que \u00abLa rue de Shekespeare\u00bb publi\u00e9e en 2017, \u00abTangitanose, h\u00f4tel Tanger\u00bb, \u00abLe Poulpe\u00bb et autres.<\/span><\/p>\n<p class=\"p1\"><span class=\"s1\">\u00c9galement en marge de cette messe culturelle, une palette d\u2019activit\u00e9s aussi diversifi\u00e9es et color\u00e9es les unes que les autres est au menu, notamment des workshops, une lecture dessin\u00e9e, des ateliers, tables rondes et master class. L\u2019ensemble sera assur\u00e9 par des professionnels du domaine. Par ailleur, cette manifestation culturelle est initi\u00e9e par l\u2019Association de l\u2019action universitaire de l\u2019\u00c9cole nationale de commerce et de gestion (ENCG) de Tanger relevant de l\u2019Universit\u00e9 Abdelmalek Essa\u00e2di.<\/span><\/p>\n<p>Auteur: Siham Jadraoui<br \/>\n<a href=\"http:\/\/aujourdhui.ma\/culture\/fitut-une-13e-edition-qui-celebre-le-parcours-de-malika-omari-et-zoubir-ben-bouchta\">Cliquez ici pour lire l&rsquo;article depuis sa source.<\/a><\/p>\n","protected":false},"excerpt":{"rendered":"<p>Onze troupes de th\u00e9\u00e2tre prennent part\u00a0\u00e0 la comp\u00e9tition officielle Cette \u00e9dition accueille onze troupes de th\u00e9\u00e2tre universitaire venues de plusieurs pays dont la C\u00f4te d\u2019Ivoire, la Tunisie, l\u2019\u00c9gypte, la Pologne, la Lituanie, l\u2019Italie, Oman, les \u00c9tats-Unis et le Maroc. La 13\u00e8me \u00e9dition du Festival international du th\u00e9\u00e2tre universitaire de Tanger qui a d\u00e9marr\u00e9 hier se [&hellip;]<\/p>\n","protected":false},"author":1759,"featured_media":0,"comment_status":"closed","ping_status":"closed","sticky":false,"template":"","format":"standard","meta":{"fifu_image_url":"","fifu_image_alt":"","footnotes":""},"categories":[73,54],"tags":[],"class_list":["post-65141","post","type-post","status-publish","format-standard","hentry","category-actualite","category-maroc"],"_links":{"self":[{"href":"https:\/\/linitiative.ca\/International\/wp-json\/wp\/v2\/posts\/65141","targetHints":{"allow":["GET"]}}],"collection":[{"href":"https:\/\/linitiative.ca\/International\/wp-json\/wp\/v2\/posts"}],"about":[{"href":"https:\/\/linitiative.ca\/International\/wp-json\/wp\/v2\/types\/post"}],"author":[{"embeddable":true,"href":"https:\/\/linitiative.ca\/International\/wp-json\/wp\/v2\/users\/1759"}],"replies":[{"embeddable":true,"href":"https:\/\/linitiative.ca\/International\/wp-json\/wp\/v2\/comments?post=65141"}],"version-history":[{"count":0,"href":"https:\/\/linitiative.ca\/International\/wp-json\/wp\/v2\/posts\/65141\/revisions"}],"wp:attachment":[{"href":"https:\/\/linitiative.ca\/International\/wp-json\/wp\/v2\/media?parent=65141"}],"wp:term":[{"taxonomy":"category","embeddable":true,"href":"https:\/\/linitiative.ca\/International\/wp-json\/wp\/v2\/categories?post=65141"},{"taxonomy":"post_tag","embeddable":true,"href":"https:\/\/linitiative.ca\/International\/wp-json\/wp\/v2\/tags?post=65141"}],"curies":[{"name":"wp","href":"https:\/\/api.w.org\/{rel}","templated":true}]}}