{"id":65147,"date":"2019-10-22T07:19:43","date_gmt":"2019-10-22T11:19:43","guid":{"rendered":"https:\/\/linitiative.ca\/International\/lambassade-du-maroc-au-liban-rassure\/"},"modified":"2019-10-22T07:19:43","modified_gmt":"2019-10-22T11:19:43","slug":"lambassade-du-maroc-au-liban-rassure","status":"publish","type":"post","link":"https:\/\/linitiative.ca\/International\/lambassade-du-maroc-au-liban-rassure\/","title":{"rendered":"L\u2019ambassade du Maroc au Liban rassure"},"content":{"rendered":"<p class=\"has-text-color has-vivid-red-color c2\"><strong>Liban: \u00abune d\u00e9monstration de la souffrance des gens\u00bb, selon le pr\u00e9sident Michel Aoun<\/strong><\/p>\n<p class=\"has-text-color has-vivid-cyan-blue-color\"><strong>Le pr\u00e9sident libanais, Michel Aoun, a affirm\u00e9, lundi, que ce qui se passe dans la rue \u00e9tait une d\u00e9monstration de la souffrance des gens, en allusion aux manifestations que conna\u00eet le pays pour le 5\u00e8me jour cons\u00e9cutif.<\/strong><\/p>\n<p>\u00ab\u00a0Toutefois, le fait de g\u00e9n\u00e9raliser les accusations de corruption sur toutes les parties est une grande injustice\u00a0\u00bb, a ajout\u00e9 M. Aoun qui s\u2019exprimait lors d\u2019un Conseil des ministres consacr\u00e9 \u00e0 l\u2019examen d\u2019un plan de r\u00e9formes propos\u00e9 par le Premier ministre Saad Hariri.<\/p>\n<p>Cit\u00e9 par l\u2019agence de presse libanaise, M. Aoun a en outre appel\u00e9 \u00e0 \u00ab\u00a0la lev\u00e9e du secret bancaire sur les comptes de tous les ministres qui participent aujourd\u2019hui et dans l\u2019avenir aux gouvernements\u00a0\u00bb.<\/p>\n<p>Des manifestants ont coup\u00e9 de nombreuses routes, t\u00f4t ce matin, \u00e0 travers le pays pour emp\u00eacher les employ\u00e9s de se rendre sur leurs lieux de travail, \u00e0 l\u2019heure o\u00f9 les appels \u00e0 descendre dans la rue se multiplient sur les r\u00e9seaux sociaux.<\/p>\n<p>Banques, universit\u00e9s et \u00e9coles sont rest\u00e9es ferm\u00e9es lundi, alors que les Libanais \u00e9taient des centaines de milliers \u00e0 r\u00e9clamer un changement radical d\u2019un syst\u00e8me politique accus\u00e9 de corruption, de confessionnalisme et de client\u00e9lisme, sur fond de crise \u00e9conomique.<\/p>\n<p>Le mouvement de contestation a \u00e9t\u00e9 d\u00e9clench\u00e9 spontan\u00e9ment jeudi suite \u00e0 l\u2019annonce d\u2019une nouvelle taxe sur les appels effectu\u00e9s via les applications de messagerie Internet, une d\u00e9cision finalement annul\u00e9e.<\/p>\n<p>Manifestations populaires au Liban: L\u2019ambassade du Maroc \u00e0 Beyrouth met une ligne t\u00e9l\u00e9phonique \u00e0 la disposition des Marocains pour communiquer dans les cas urgents<strong>.<\/strong><\/p>\n<p>Par ailleurs, l\u2019ambassade du Royaume du Maroc au Liban a annonc\u00e9 qu\u2019elle avait mis une ligne t\u00e9l\u00e9phonique \u00e0 la disposition des membres de la communaut\u00e9 marocaine pour leur permettre de communiquer dans les cas urgents li\u00e9s aux manifestations.<\/p>\n<p>Selon l\u2019ambassade, cette ligne t\u00e9l\u00e9phonique (+ 96181701065) est r\u00e9serv\u00e9e exclusivement \u00e0 la communaut\u00e9 marocaine vivant au Liban dans les cas urgents li\u00e9s \u00e0 la situation actuelle dans le pays.<\/p>\n<p>Auteur: M&rsquo;hammed rahal<br \/>\n<a href=\"http:\/\/albayane.press.ma\/lambassade-du-maroc-au-liban-rassure.html\">Cliquez ici pour lire l&rsquo;article depuis sa source.<\/a><\/p>\n","protected":false},"excerpt":{"rendered":"<p>Liban: \u00abune d\u00e9monstration de la souffrance des gens\u00bb, selon le pr\u00e9sident Michel Aoun Le pr\u00e9sident libanais, Michel Aoun, a affirm\u00e9, lundi, que ce qui se passe dans la rue \u00e9tait une d\u00e9monstration de la souffrance des gens, en allusion aux manifestations que conna\u00eet le pays pour le 5\u00e8me jour cons\u00e9cutif. \u00ab\u00a0Toutefois, le fait de g\u00e9n\u00e9raliser [&hellip;]<\/p>\n","protected":false},"author":1760,"featured_media":0,"comment_status":"closed","ping_status":"closed","sticky":false,"template":"","format":"standard","meta":{"fifu_image_url":"","fifu_image_alt":"","footnotes":""},"categories":[73,54],"tags":[],"class_list":["post-65147","post","type-post","status-publish","format-standard","hentry","category-actualite","category-maroc"],"_links":{"self":[{"href":"https:\/\/linitiative.ca\/International\/wp-json\/wp\/v2\/posts\/65147","targetHints":{"allow":["GET"]}}],"collection":[{"href":"https:\/\/linitiative.ca\/International\/wp-json\/wp\/v2\/posts"}],"about":[{"href":"https:\/\/linitiative.ca\/International\/wp-json\/wp\/v2\/types\/post"}],"author":[{"embeddable":true,"href":"https:\/\/linitiative.ca\/International\/wp-json\/wp\/v2\/users\/1760"}],"replies":[{"embeddable":true,"href":"https:\/\/linitiative.ca\/International\/wp-json\/wp\/v2\/comments?post=65147"}],"version-history":[{"count":0,"href":"https:\/\/linitiative.ca\/International\/wp-json\/wp\/v2\/posts\/65147\/revisions"}],"wp:attachment":[{"href":"https:\/\/linitiative.ca\/International\/wp-json\/wp\/v2\/media?parent=65147"}],"wp:term":[{"taxonomy":"category","embeddable":true,"href":"https:\/\/linitiative.ca\/International\/wp-json\/wp\/v2\/categories?post=65147"},{"taxonomy":"post_tag","embeddable":true,"href":"https:\/\/linitiative.ca\/International\/wp-json\/wp\/v2\/tags?post=65147"}],"curies":[{"name":"wp","href":"https:\/\/api.w.org\/{rel}","templated":true}]}}