{"id":65148,"date":"2019-10-22T10:37:45","date_gmt":"2019-10-22T14:37:45","guid":{"rendered":"https:\/\/linitiative.ca\/International\/developpement-des-territoires-ruraux-en-tunisie-lue-favorable-aux-demandes-dextension-de-projets-pilotes\/"},"modified":"2019-10-22T10:37:45","modified_gmt":"2019-10-22T14:37:45","slug":"developpement-des-territoires-ruraux-en-tunisie-lue-favorable-aux-demandes-dextension-de-projets-pilotes","status":"publish","type":"post","link":"https:\/\/linitiative.ca\/International\/developpement-des-territoires-ruraux-en-tunisie-lue-favorable-aux-demandes-dextension-de-projets-pilotes\/","title":{"rendered":"D\u00e9veloppement des territoires ruraux en Tunisie: L\u2019UE favorable aux demandes d\u2019extension de projets pilotes"},"content":{"rendered":"<p>TUNIS, 22 oct. (TAP)- \u00ab La d\u00e9l\u00e9gation de l\u2019UE en Tunisie est pr\u00eate \u00e0 consid\u00e9rer favorablement les demandes d\u2019extension, au-del\u00e0 de 2021, des contrats de subventions accord\u00e9s dans le cadre du programme \u00ab PAP-ENPARD \u00bb ciblant l\u2019am\u00e9lioration de l\u2019attractivit\u00e9 des territoire ruraux \u00ab , a affirm\u00e9 mardi, Jean Pierre Sacase, chef de section \u00e9conomie, gouvernance et secteurs sociaux \u00e0 la d\u00e9l\u00e9gation.<\/p>\n<p>Il a soulign\u00e9, mardi, \u00e0 Tunis, lors de la deuxi\u00e8me r\u00e9union du comit\u00e9 de pilotage de ce programme PAP-ENPARD, que le programme a pour ultime objectif de rendre les territoires ruraux plus attractifs.<\/p>\n<p>Le responsable a soulign\u00e9, \u00e0 ce sujet, l\u2019importance de d\u00e9ployer davantage d\u2019efforts pour promouvoir la visibilit\u00e9 du programme et d\u2019instaurer le dialogue avec l\u2019UE sur les politiques sectoriels \u00e0 l\u2019instar de ce qui est actuellement, men\u00e9 concernant le secteur de l\u2019eau.<\/p>\n<p>Le programme, dont le financement a \u00e9t\u00e9 conclu en 2014, a permis de lancer des activit\u00e9s et projets dans 5 territoires pilotes s\u00e9lectionn\u00e9s en l\u2019occurrence Ain Drahem, Bargou, Kerkennah, Kebili nord et Medenine (Beni Khedache, Sidi Makhlouf et Ben Guerdane), a not\u00e9 de son cot\u00e9 le chef de projet Abdelhalim Guesmi.<\/p>\n<p>Il s\u2019agit, a-t-il rappel\u00e9, de soutenir la d\u00e9centralisation, am\u00e9liorer la gouvernance locale et d\u00e9velopper la gestion territoriale en Tunisie \u00e0 travers le d\u00e9veloppement des capacit\u00e9s des acteurs locaux (conseil municipal, d\u00e9l\u00e9gations) et services techniques des diff\u00e9rents d\u00e9partements et des associations d\u2019entrepreneuriat social et la conception de projets de d\u00e9veloppement agricole et rural.<\/p>\n<p>Le programme a permis, jusqu\u2019\u00e0 pr\u00e9sent, de lancer entre 2 et 4 projets innovants et entre 26 et 56 projets classiques \u00e0 Bargou, 23 projets \u00e0 Ain Draham, 22 projets \u00e0 Medenine et la programmation de 80 projets pour le prochain financement, et 50 \u00e0 60 projets \u00e0 Kebili ainsi que 4 \u00e0 5 projets \u00e0 Kerkhennah o\u00f9 certains projets n\u00e9cessitent des autorisations speciales.<\/p>\n<p>Il s\u2019agit \u00e9galement de l\u2019\u00e9laboration de guides concernant les plans locaux de d\u00e9veloppement, le suivi de l\u2019\u00e9valuation et un guide sur l\u2019attribution des subventions en cascade.<\/p>\n<p>Parmi les d\u00e9fis et difficult\u00e9s relev\u00e9es dans le cadre du projet de Ain Drahem figurent la confusion quant aux processus d\u2019\u00e9laboration du plan local de d\u00e9veloppement chez les communes, l\u2019importance des attentes de la population, et un d\u00e9ficit au niveau de suivi et de coordination des initiatives de la coop\u00e9ration internationale notamment chez les communaut\u00e9s locales<\/p>\n<p>Le PAP-ENPARD (Europ\u00e9en Neighbourhood Programm For Agriculture and Rural D\u00e9veloppement), dont le co\u00fbt total est estim\u00e9 \u00e0 10 millions d\u2019euros ( 31,5 millions de dinars) porte selon ses promoteurs, \u00ab une attention particuli\u00e8re aux groupes les plus vuln\u00e9rables, notamment, les jeunes et les femmes, principales victimes du ch\u00f4mage \u00bb. Il devrait prendre fin en d\u00e9cembre 2021.<\/p>\n<p class=\"dpsp-share-text\">Partager c&rsquo;est aimer!<\/p>\n<div class=\"wp-post-author-wrap wp-post-author-shortcode left\">\n<h3 class=\"awpa-title\"\/>\n<div class=\"wp-post-author\">\n<div class=\"awpa-img awpa-author-block square\"><a href=\"http:\/\/lexpertjournal.net\/fr\/author\/expert\/\"><img loading=\"lazy\" decoding=\"async\" alt=\"\" src=\"http:\/\/2.gravatar.com\/avatar\/56d99be2a6f97af88ccb49fada637fcd?s=150&#038;d=mm&#038;r=g\" srcset=\"http:\/\/2.gravatar.com\/avatar\/56d99be2a6f97af88ccb49fada637fcd?s=300&#038;d=mm&#038;r=g 2x\" class=\"avatar avatar-150 photo\" height=\"150\" width=\"150\"\/><\/a><\/div>\n<\/div>\n<\/div>\n<p>Auteur: L&rsquo;expert<br \/>\n<a href=\"http:\/\/lexpertjournal.net\/fr\/2019\/10\/22\/developpement-des-territoires-ruraux-en-tunisie-lue-favorable-aux-demandes-dextension-de-projets-pilotes\/\">Cliquez ici pour lire l&rsquo;article depuis sa source.<\/a><\/p>\n","protected":false},"excerpt":{"rendered":"<p>TUNIS, 22 oct. (TAP)- \u00ab La d\u00e9l\u00e9gation de l\u2019UE en Tunisie est pr\u00eate \u00e0 consid\u00e9rer favorablement les demandes d\u2019extension, au-del\u00e0 de 2021, des contrats de subventions accord\u00e9s dans le cadre du programme \u00ab PAP-ENPARD \u00bb ciblant l\u2019am\u00e9lioration de l\u2019attractivit\u00e9 des territoire ruraux \u00ab , a affirm\u00e9 mardi, Jean Pierre Sacase, chef de section \u00e9conomie, gouvernance [&hellip;]<\/p>\n","protected":false},"author":1775,"featured_media":0,"comment_status":"closed","ping_status":"closed","sticky":false,"template":"","format":"standard","meta":{"fifu_image_url":"","fifu_image_alt":"","footnotes":""},"categories":[78,55],"tags":[],"class_list":["post-65148","post","type-post","status-publish","format-standard","hentry","category-economie","category-tunisie"],"_links":{"self":[{"href":"https:\/\/linitiative.ca\/International\/wp-json\/wp\/v2\/posts\/65148","targetHints":{"allow":["GET"]}}],"collection":[{"href":"https:\/\/linitiative.ca\/International\/wp-json\/wp\/v2\/posts"}],"about":[{"href":"https:\/\/linitiative.ca\/International\/wp-json\/wp\/v2\/types\/post"}],"author":[{"embeddable":true,"href":"https:\/\/linitiative.ca\/International\/wp-json\/wp\/v2\/users\/1775"}],"replies":[{"embeddable":true,"href":"https:\/\/linitiative.ca\/International\/wp-json\/wp\/v2\/comments?post=65148"}],"version-history":[{"count":0,"href":"https:\/\/linitiative.ca\/International\/wp-json\/wp\/v2\/posts\/65148\/revisions"}],"wp:attachment":[{"href":"https:\/\/linitiative.ca\/International\/wp-json\/wp\/v2\/media?parent=65148"}],"wp:term":[{"taxonomy":"category","embeddable":true,"href":"https:\/\/linitiative.ca\/International\/wp-json\/wp\/v2\/categories?post=65148"},{"taxonomy":"post_tag","embeddable":true,"href":"https:\/\/linitiative.ca\/International\/wp-json\/wp\/v2\/tags?post=65148"}],"curies":[{"name":"wp","href":"https:\/\/api.w.org\/{rel}","templated":true}]}}