{"id":65149,"date":"2019-10-22T10:44:33","date_gmt":"2019-10-22T14:44:33","guid":{"rendered":"https:\/\/linitiative.ca\/International\/le-brexit-cest-lose-lose-declare-michel-barnier-a-strasbourg\/"},"modified":"2019-10-22T10:44:33","modified_gmt":"2019-10-22T14:44:33","slug":"le-brexit-cest-lose-lose-declare-michel-barnier-a-strasbourg","status":"publish","type":"post","link":"https:\/\/linitiative.ca\/International\/le-brexit-cest-lose-lose-declare-michel-barnier-a-strasbourg\/","title":{"rendered":"Le Brexit, c\u2019est \u00ab lose-lose \u00bb, d\u00e9clare Michel Barnier \u00e0 Strasbourg"},"content":{"rendered":"<table class=\"wp-block-table is-style-regular\">\n<tbody>\n<tr>\n<td>STRASBOURG, 22 octobre\u00a0<br \/>\u00ab Le Brexit, c\u2019est \u2018lose-lose\u2019 (perdant-perdant) \u00bb, s\u2019est exclam\u00e9 mardi \u00e0 Strasbourg le n\u00e9gociateur en chef de l\u2019Union europ\u00e9enne (UE) Michel Barnier devant les eurod\u00e9put\u00e9s r\u00e9unis en session pl\u00e9ni\u00e8re \u00e0 Strasbourg, alors que le processus de ratification du nouvel accord reste bloqu\u00e9 \u00e0 Londres, neuf jours avant la date fix\u00e9e pour le d\u00e9part du Royaume-Uni de l\u2019UE.<br \/>\u00ab Personne (\u2026) n\u2019a \u00e9t\u00e9 capable de d\u00e9montrer ou de m\u2019apporter la moindre preuve d\u2019une valeur ajout\u00e9e du Brexit \u00bb, a d\u00e9clar\u00e9 mardi Michel Barnier devant les eurod\u00e9put\u00e9s \u00e0 l\u2019issue d\u2019un d\u00e9bat consacr\u00e9 aux conclusions du sommet europ\u00e9en de Bruxelles des 17 et 18 octobre.<br \/>Pour le n\u00e9gociateur en chef de l\u2019UE, ce nouvel accord est le seul possible pour permettre un retrait ordonn\u00e9.<br \/>\u00ab Dans le moment grave et important du processus du Brexit \u00bb, \u00ab ce Parlement, votre Parlement, doit \u00eatre respect\u00e9 \u00bb, a-t-il dit aux eurod\u00e9put\u00e9s.<br \/>\u00ab C\u2019est votre Parlement qui aura le dernier mot. Il est normal que le Parlement britannique prenne maintenant ses responsabilit\u00e9s et s\u2019engage le premier avec le gouvernement britannique pour obtenir ce que nous souhaitons tous : un retrait ordonn\u00e9 \u00bb, a-t-il rench\u00e9ri.<br \/>Plus de trois ans apr\u00e8s le vote favorable des Britanniques \u00e0 une sortie de l\u2019Union europ\u00e9enne, le Parlement europ\u00e9en \u2013 qui sera la derni\u00e8re instance \u00e0 valider l\u2019accord de divorce \u2013 reste suspendu \u00e0 une ratification de l\u2019accord par Londres.<br \/>Deux nouveaux votes sont pr\u00e9vus ce mardi \u00e0 la Chambre des communes, dans la capitale britannique.<\/td>\n<\/tr>\n<\/tbody>\n<\/table>\n<p class=\"dpsp-share-text\">Partager c&rsquo;est aimer!<\/p>\n<div class=\"wp-post-author-wrap wp-post-author-shortcode left\">\n<h3 class=\"awpa-title\"\/>\n<div class=\"wp-post-author\">\n<div class=\"awpa-img awpa-author-block square\"><a href=\"http:\/\/lexpertjournal.net\/fr\/author\/expert\/\"><img loading=\"lazy\" decoding=\"async\" alt=\"\" src=\"http:\/\/2.gravatar.com\/avatar\/56d99be2a6f97af88ccb49fada637fcd?s=150&#038;d=mm&#038;r=g\" srcset=\"http:\/\/2.gravatar.com\/avatar\/56d99be2a6f97af88ccb49fada637fcd?s=300&#038;d=mm&#038;r=g 2x\" class=\"avatar avatar-150 photo\" height=\"150\" width=\"150\"\/><\/a><\/div>\n<\/div>\n<\/div>\n<p>Auteur: L&rsquo;expert<br \/>\n<a href=\"http:\/\/lexpertjournal.net\/fr\/2019\/10\/22\/le-brexit-cest-lose-lose-declare-michel-barnier-a-strasbourg\/\">Cliquez ici pour lire l&rsquo;article depuis sa source.<\/a><\/p>\n","protected":false},"excerpt":{"rendered":"<p>STRASBOURG, 22 octobre\u00a0\u00ab Le Brexit, c\u2019est \u2018lose-lose\u2019 (perdant-perdant) \u00bb, s\u2019est exclam\u00e9 mardi \u00e0 Strasbourg le n\u00e9gociateur en chef de l\u2019Union europ\u00e9enne (UE) Michel Barnier devant les eurod\u00e9put\u00e9s r\u00e9unis en session pl\u00e9ni\u00e8re \u00e0 Strasbourg, alors que le processus de ratification du nouvel accord reste bloqu\u00e9 \u00e0 Londres, neuf jours avant la date fix\u00e9e pour le d\u00e9part [&hellip;]<\/p>\n","protected":false},"author":1775,"featured_media":0,"comment_status":"closed","ping_status":"closed","sticky":false,"template":"","format":"standard","meta":{"fifu_image_url":"","fifu_image_alt":"","footnotes":""},"categories":[78,55],"tags":[],"class_list":["post-65149","post","type-post","status-publish","format-standard","hentry","category-economie","category-tunisie"],"_links":{"self":[{"href":"https:\/\/linitiative.ca\/International\/wp-json\/wp\/v2\/posts\/65149","targetHints":{"allow":["GET"]}}],"collection":[{"href":"https:\/\/linitiative.ca\/International\/wp-json\/wp\/v2\/posts"}],"about":[{"href":"https:\/\/linitiative.ca\/International\/wp-json\/wp\/v2\/types\/post"}],"author":[{"embeddable":true,"href":"https:\/\/linitiative.ca\/International\/wp-json\/wp\/v2\/users\/1775"}],"replies":[{"embeddable":true,"href":"https:\/\/linitiative.ca\/International\/wp-json\/wp\/v2\/comments?post=65149"}],"version-history":[{"count":0,"href":"https:\/\/linitiative.ca\/International\/wp-json\/wp\/v2\/posts\/65149\/revisions"}],"wp:attachment":[{"href":"https:\/\/linitiative.ca\/International\/wp-json\/wp\/v2\/media?parent=65149"}],"wp:term":[{"taxonomy":"category","embeddable":true,"href":"https:\/\/linitiative.ca\/International\/wp-json\/wp\/v2\/categories?post=65149"},{"taxonomy":"post_tag","embeddable":true,"href":"https:\/\/linitiative.ca\/International\/wp-json\/wp\/v2\/tags?post=65149"}],"curies":[{"name":"wp","href":"https:\/\/api.w.org\/{rel}","templated":true}]}}