{"id":65152,"date":"2019-10-22T13:04:12","date_gmt":"2019-10-22T17:04:12","guid":{"rendered":"https:\/\/linitiative.ca\/International\/apercu-de-la-culture-et-les-chants-amazighs-dans-les-aures-ouargla-et-la-kabylie-nouveau-livre-de-salim-sahali\/"},"modified":"2019-10-22T13:04:12","modified_gmt":"2019-10-22T17:04:12","slug":"apercu-de-la-culture-et-les-chants-amazighs-dans-les-aures-ouargla-et-la-kabylie-nouveau-livre-de-salim-sahali","status":"publish","type":"post","link":"https:\/\/linitiative.ca\/International\/apercu-de-la-culture-et-les-chants-amazighs-dans-les-aures-ouargla-et-la-kabylie-nouveau-livre-de-salim-sahali\/","title":{"rendered":"\u00ab\u00a0Aper\u00e7u de la culture et les chants amazighs dans les Aur\u00e8s, Ouargla et la Kabylie\u00a0\u00bb, nouveau livre de Salim Sahali"},"content":{"rendered":"<p><span class=\"sp-nh-title\">Bechar : Arrestation d&rsquo;un narcotrafiquant, et la saisie d\u2019une importante quantit\u00e9 de drogue et de psychotropes<\/span> &#8211; <span class=\"sp-nh-date\">mardi 22 octobre 2019 17:38<\/span><\/p>\n<p><span class=\"sp-nh-title\">Environnement: le r\u00f4le de la femme, des jeunes et de l&rsquo;\u00e9cole dans l&rsquo;\u00e9conomie verte soulign\u00e9 \u00e0 Duba\u00ef<\/span> &#8211; <span class=\"sp-nh-date\">mardi 22 octobre 2019 17:24<\/span><\/p>\n<p><span class=\"sp-nh-title\">G\u00e9n\u00e9raliser l\u2019\u00e9nergie solaire dans les \u00e9coles, une des priorit\u00e9s de l\u2019Etat<\/span> &#8211; <span class=\"sp-nh-date\">mardi 22 octobre 2019 17:15<\/span><\/p>\n<p><span class=\"sp-nh-title\">Projet de loi sur les hydrocarbures: plusieurs imp\u00f4ts, taxes et redevances propos\u00e9es<\/span> &#8211; <span class=\"sp-nh-date\">mardi 22 octobre 2019 16:47<\/span><\/p>\n<p><span class=\"sp-nh-title\">Une \u00e9quipe de sp\u00e9cialistes de l\u2019EHU d\u2019Oran en d\u00e9placement dans le Sud<\/span> &#8211; <span class=\"sp-nh-date\">mardi 22 octobre 2019 16:46<\/span><\/p>\n<p><span class=\"sp-nh-title\">Situation sociale des journalistes : des ateliers examineront les aspects juridiques<\/span> &#8211; <span class=\"sp-nh-date\">mardi 22 octobre 2019 16:36<\/span><\/p>\n<p><span class=\"sp-nh-title\">Pr\u00e9sidentielle: 7 postulants ont pris un rendez-vous pour le d\u00e9p\u00f4t de leurs dossiers\u00a0<\/span> &#8211; <span class=\"sp-nh-date\">mardi 22 octobre 2019 16:30<\/span><\/p>\n<p><span class=\"sp-nh-title\">Introduction des \u00e9nergies renouvelables dans les stations d&rsquo;\u00e9puration<\/span> &#8211; <span class=\"sp-nh-date\">mardi 22 octobre 2019 16:15<\/span><\/p>\n<p><span class=\"sp-nh-title\">Le Projet de loi sur les hydrocarbures: 238 articles pour r\u00e9gir le secteur<\/span> &#8211; <span class=\"sp-nh-date\">mardi 22 octobre 2019 16:01<\/span><\/p>\n<p><span class=\"sp-nh-title\">Le chef de l&rsquo;Etat, Abdelkader Bensalah arrive \u00e0 Sotchi pour participer au Sommet Russie-Afrique<\/span> &#8211; <span class=\"sp-nh-date\">mardi 22 octobre 2019 15:49<\/span><\/p>\n<p><span class=\"sp-nh-title\">Universit\u00e9 de Tizi-Ouzou: un colloque national, lundi prochain, sur la ville alg\u00e9rienne<\/span> &#8211; <span class=\"sp-nh-date\">mardi 22 octobre 2019 15:41<\/span><\/p>\n<p><span class=\"sp-nh-title\">Jeux mondiaux militaires\/Athl\u00e9tisme: plusieurs Alg\u00e9riens en finale<\/span> &#8211; <span class=\"sp-nh-date\">mardi 22 octobre 2019 15:14<\/span><\/p>\n<p><span class=\"sp-nh-title\">Tindouf : la manifestation \u00e9conomique El-Mouggar pr\u00e9vue en novembre prochain<\/span> &#8211; <span class=\"sp-nh-date\">mardi 22 octobre 2019 15:00<\/span><\/p>\n<p><span class=\"sp-nh-title\">Ouargla : caravane de sensibilisation sur le m\u00e9tier de grimpeur-\u00e9lagueur<\/span> &#8211; <span class=\"sp-nh-date\">mardi 22 octobre 2019 14:48<\/span><\/p>\n<p><span class=\"sp-nh-title\">La prochaine pr\u00e9sidentielle, une bou\u00e9e de sauvetage offerte au peuple alg\u00e9rien<\/span> &#8211; <span class=\"sp-nh-date\">mardi 22 octobre 2019 14:41<\/span><\/p>\n<p><span class=\"sp-nh-title\">Universit\u00e9 Sa\u00e0d Dahleb de Blida : ouverture d\u2019un concours du meilleur projet innovant<\/span> &#8211; <span class=\"sp-nh-date\">mardi 22 octobre 2019 14:28<\/span><\/p>\n<p><span class=\"sp-nh-title\">Ouargla: ouverture du salon Hassi-Messaoud Expo 2019 avec quelque 200 participants<\/span> &#8211; <span class=\"sp-nh-date\">mardi 22 octobre 2019 14:20<\/span><\/p>\n<p><span class=\"sp-nh-title\">Ligue africaine de basket-ball: le GS P\u00e9troliers vise une place dans l&rsquo; Elite 16<\/span> &#8211; <span class=\"sp-nh-date\">mardi 22 octobre 2019 14:08<\/span><\/p>\n<p><span class=\"sp-nh-title\">Les soci\u00e9t\u00e9s portugaises appel\u00e9es \u00e0 investir dans les zones d&rsquo;activit\u00e9 dans le Sud<\/span> &#8211; <span class=\"sp-nh-date\">mardi 22 octobre 2019 14:03<\/span><\/p>\n<p><span class=\"sp-nh-title\">Alg\u00e9rie: le taux d&rsquo;inflation \u00e0 2,4 % sur un an en septembre 2019<\/span> &#8211; <span class=\"sp-nh-date\">mardi 22 octobre 2019 14:01<\/span><\/p>\n<p>Auteur:<br \/>\n<a href=\"http:\/\/www.aps.dz\/culture\/96032-apercu-de-la-culture-et-les-chants-amazighs-dans-les-aures-ouargla-et-la-kabylie-nouveau-livre-de-salim-sahali\">Cliquez ici pour lire l&rsquo;article depuis sa source.<\/a><\/p>\n","protected":false},"excerpt":{"rendered":"<p>Bechar : Arrestation d&rsquo;un narcotrafiquant, et la saisie d\u2019une importante quantit\u00e9 de drogue et de psychotropes &#8211; mardi 22 octobre 2019 17:38 Environnement: le r\u00f4le de la femme, des jeunes et de l&rsquo;\u00e9cole dans l&rsquo;\u00e9conomie verte soulign\u00e9 \u00e0 Duba\u00ef &#8211; mardi 22 octobre 2019 17:24 G\u00e9n\u00e9raliser l\u2019\u00e9nergie solaire dans les \u00e9coles, une des priorit\u00e9s de [&hellip;]<\/p>\n","protected":false},"author":1790,"featured_media":0,"comment_status":"closed","ping_status":"closed","sticky":false,"template":"","format":"standard","meta":{"fifu_image_url":"","fifu_image_alt":"","footnotes":""},"categories":[53,79],"tags":[],"class_list":["post-65152","post","type-post","status-publish","format-standard","hentry","category-algerie","category-culture"],"_links":{"self":[{"href":"https:\/\/linitiative.ca\/International\/wp-json\/wp\/v2\/posts\/65152","targetHints":{"allow":["GET"]}}],"collection":[{"href":"https:\/\/linitiative.ca\/International\/wp-json\/wp\/v2\/posts"}],"about":[{"href":"https:\/\/linitiative.ca\/International\/wp-json\/wp\/v2\/types\/post"}],"author":[{"embeddable":true,"href":"https:\/\/linitiative.ca\/International\/wp-json\/wp\/v2\/users\/1790"}],"replies":[{"embeddable":true,"href":"https:\/\/linitiative.ca\/International\/wp-json\/wp\/v2\/comments?post=65152"}],"version-history":[{"count":0,"href":"https:\/\/linitiative.ca\/International\/wp-json\/wp\/v2\/posts\/65152\/revisions"}],"wp:attachment":[{"href":"https:\/\/linitiative.ca\/International\/wp-json\/wp\/v2\/media?parent=65152"}],"wp:term":[{"taxonomy":"category","embeddable":true,"href":"https:\/\/linitiative.ca\/International\/wp-json\/wp\/v2\/categories?post=65152"},{"taxonomy":"post_tag","embeddable":true,"href":"https:\/\/linitiative.ca\/International\/wp-json\/wp\/v2\/tags?post=65152"}],"curies":[{"name":"wp","href":"https:\/\/api.w.org\/{rel}","templated":true}]}}