{"id":65155,"date":"2019-10-22T10:22:00","date_gmt":"2019-10-22T14:22:00","guid":{"rendered":"https:\/\/linitiative.ca\/International\/les-etudiants-soutiennent-les-detenus-dopinion\/"},"modified":"2019-10-22T10:22:00","modified_gmt":"2019-10-22T14:22:00","slug":"les-etudiants-soutiennent-les-detenus-dopinion","status":"publish","type":"post","link":"https:\/\/linitiative.ca\/International\/les-etudiants-soutiennent-les-detenus-dopinion\/","title":{"rendered":"Les \u00e9tudiants soutiennent les d\u00e9tenus d\u2019opinion"},"content":{"rendered":"<div id=\"originalText\" readability=\"64.28125\">\n<p>Les \u00e9tudiants, accompagn\u00e9s de milliers de citoyens, ont investi, une nouvelle fois les rues de la capitale, pour le 35e mardi de manifestation contre le syst\u00e8me.<\/p>\n<p>Comme \u00e0 l\u2019accoutum\u00e9, les manifestants ont entam\u00e9 leur marche \u00e0 partir de la Place des Martyrs, d\u00e8s 10h, et les premiers slogans qu\u2019ils ont entonn\u00e9s expriment leur rejet des \u00e9lections pr\u00e9sidentielles du 12 d\u00e9cembre prochain : \u00ab Makach el intikhabte \u00bb, \u00ab had l\u2019a\u00e2m makach el vote \u00bb.<\/p>\n<p>Pour ce 35e mardi de mobilisation estudiantine qui co\u00efncide avec le jour du <a href=\"https:\/\/www.liberte-algerie.com\/actualite\/detenus-dopinion-la-fin-dun-cauchemar-326502\" target=\"_blank\" rel=\"noopener noreferrer\"><span class=\"c10\">proc\u00e8s de six d\u00e9tenus d\u2019opinion<\/span><\/a>, les manifestants ont tenu \u00e0 se rendre au tribunal de Sidi M\u2019hamed, mais une fois arriv\u00e9s \u00e0 la place de l\u2019Emir Abdelkader, un cordon s\u00e9curitaire a \u00e9t\u00e9 d\u00e9ploy\u00e9 afin de les emp\u00eacher de descendre. Les manifestants ont alors poursuivi leur marche en scandant \u00ab lib\u00e9rez les otages ! \u00bb ou encore \u00ab lib\u00e9rez les d\u00e9tenus, ils n\u2019ont pas vendu de coca\u00efne ! \u00bb.<\/p>\n<p><iframe loading=\"lazy\" allowfullscreen=\"true\" allowtransparency=\"true\" frameborder=\"0\" height=\"315\" scrolling=\"no\" src=\"https:\/\/www.facebook.com\/plugins\/video.php?href=https%3A%2F%2Fwww.facebook.com%2FJournaLiberteOfficiel%2Fvideos%2F930638637318817%2F&#038;show_text=0&#038;width=560\" class=\"c11\" width=\"560\">[embedded content]<\/iframe>Ce 22 octobre boucle \u00e9galement les 8 mois du mouvement populaire\u00a0et correspond \u00e0 la journ\u00e9e nationale de la presse, \u00e0 cette occasion, les manifestants n\u2019ont pas manqu\u00e9 de scander des slogans pour exiger une \u00ab presse libre et une justice ind\u00e9pendante \u00bb.<\/p>\n<p>Enfin, tout le long de la manifestation, les protestataires ont appel\u00e9 \u00e0 une forte mobilisation le 1er novembre.<\/p>\n<p><iframe loading=\"lazy\" allowfullscreen=\"true\" allowtransparency=\"true\" frameborder=\"0\" height=\"315\" scrolling=\"no\" src=\"https:\/\/www.facebook.com\/plugins\/video.php?href=https%3A%2F%2Fwww.facebook.com%2FJournaLiberteOfficiel%2Fvideos%2F1391759287649183%2F&#038;show_text=0&#038;width=560\" class=\"c11\" width=\"560\">[embedded content]<\/iframe><\/p>\n<p class=\"c12\"><strong>Sihem Benmalek<\/strong><\/p>\n<\/div>\n<div id=\"text_core\" readability=\"64.28125\">\n<p>Les \u00e9tudiants, accompagn\u00e9s de milliers de citoyens, ont investi, une nouvelle fois les rues de la capitale, pour le 35e mardi de manifestation contre le syst\u00e8me.<\/p>\n<p>Comme \u00e0 l\u2019accoutum\u00e9, les manifestants ont entam\u00e9 leur marche \u00e0 partir de la Place des Martyrs, d\u00e8s 10h, et les premiers slogans qu\u2019ils ont entonn\u00e9s expriment leur rejet des \u00e9lections pr\u00e9sidentielles du 12 d\u00e9cembre prochain : \u00ab Makach el intikhabte \u00bb, \u00ab had l\u2019a\u00e2m makach el vote \u00bb.<\/p>\n<p>Pour ce 35e mardi de mobilisation estudiantine qui co\u00efncide avec le jour du <a href=\"https:\/\/www.liberte-algerie.com\/actualite\/detenus-dopinion-la-fin-dun-cauchemar-326502\" target=\"_blank\" rel=\"noopener noreferrer\"><span class=\"c10\">proc\u00e8s de six d\u00e9tenus d\u2019opinion<\/span><\/a>, les manifestants ont tenu \u00e0 se rendre au tribunal de Sidi M\u2019hamed, mais une fois arriv\u00e9s \u00e0 la place de l\u2019Emir Abdelkader, un cordon s\u00e9curitaire a \u00e9t\u00e9 d\u00e9ploy\u00e9 afin de les emp\u00eacher de descendre. Les manifestants ont alors poursuivi leur marche en scandant \u00ab lib\u00e9rez les otages ! \u00bb ou encore \u00ab lib\u00e9rez les d\u00e9tenus, ils n\u2019ont pas vendu de coca\u00efne ! \u00bb.<\/p>\n<p><iframe loading=\"lazy\" allowfullscreen=\"true\" allowtransparency=\"true\" frameborder=\"0\" height=\"315\" scrolling=\"no\" src=\"https:\/\/www.facebook.com\/plugins\/video.php?href=https%3A%2F%2Fwww.facebook.com%2FJournaLiberteOfficiel%2Fvideos%2F930638637318817%2F&#038;show_text=0&#038;width=560\" class=\"c11\" width=\"560\">[embedded content]<\/iframe>Ce 22 octobre boucle \u00e9galement les 8 mois du mouvement populaire\u00a0et correspond \u00e0 la journ\u00e9e nationale de la presse, \u00e0 cette occasion, les manifestants n\u2019ont pas manqu\u00e9 de scander des slogans pour exiger une \u00ab presse libre et une justice ind\u00e9pendante \u00bb.<\/p>\n<p>Enfin, tout le long de la manifestation, les protestataires ont appel\u00e9 \u00e0 une forte mobilisation le 1er novembre.<\/p>\n<p><iframe loading=\"lazy\" allowfullscreen=\"true\" allowtransparency=\"true\" frameborder=\"0\" height=\"315\" scrolling=\"no\" src=\"https:\/\/www.facebook.com\/plugins\/video.php?href=https%3A%2F%2Fwww.facebook.com%2FJournaLiberteOfficiel%2Fvideos%2F1391759287649183%2F&#038;show_text=0&#038;width=560\" class=\"c11\" width=\"560\">[embedded content]<\/iframe><\/p>\n<p class=\"c12\"><strong>Sihem Benmalek<\/strong><\/p>\n<\/div>\n<p>Auteur:<br \/>\n<a href=\"https:\/\/www.liberte-algerie.com\/actualite\/les-etudiants-soutiennent-les-detenus-dopinion-326507\">Cliquez ici pour lire l&rsquo;article depuis sa source.<\/a><\/p>\n","protected":false},"excerpt":{"rendered":"<p>Les \u00e9tudiants, accompagn\u00e9s de milliers de citoyens, ont investi, une nouvelle fois les rues de la capitale, pour le 35e mardi de manifestation contre le syst\u00e8me. Comme \u00e0 l\u2019accoutum\u00e9, les manifestants ont entam\u00e9 leur marche \u00e0 partir de la Place des Martyrs, d\u00e8s 10h, et les premiers slogans qu\u2019ils ont entonn\u00e9s expriment leur rejet des [&hellip;]<\/p>\n","protected":false},"author":1742,"featured_media":0,"comment_status":"closed","ping_status":"closed","sticky":false,"template":"","format":"standard","meta":{"fifu_image_url":"","fifu_image_alt":"","footnotes":""},"categories":[73,53],"tags":[],"class_list":["post-65155","post","type-post","status-publish","format-standard","hentry","category-actualite","category-algerie"],"_links":{"self":[{"href":"https:\/\/linitiative.ca\/International\/wp-json\/wp\/v2\/posts\/65155","targetHints":{"allow":["GET"]}}],"collection":[{"href":"https:\/\/linitiative.ca\/International\/wp-json\/wp\/v2\/posts"}],"about":[{"href":"https:\/\/linitiative.ca\/International\/wp-json\/wp\/v2\/types\/post"}],"author":[{"embeddable":true,"href":"https:\/\/linitiative.ca\/International\/wp-json\/wp\/v2\/users\/1742"}],"replies":[{"embeddable":true,"href":"https:\/\/linitiative.ca\/International\/wp-json\/wp\/v2\/comments?post=65155"}],"version-history":[{"count":0,"href":"https:\/\/linitiative.ca\/International\/wp-json\/wp\/v2\/posts\/65155\/revisions"}],"wp:attachment":[{"href":"https:\/\/linitiative.ca\/International\/wp-json\/wp\/v2\/media?parent=65155"}],"wp:term":[{"taxonomy":"category","embeddable":true,"href":"https:\/\/linitiative.ca\/International\/wp-json\/wp\/v2\/categories?post=65155"},{"taxonomy":"post_tag","embeddable":true,"href":"https:\/\/linitiative.ca\/International\/wp-json\/wp\/v2\/tags?post=65155"}],"curies":[{"name":"wp","href":"https:\/\/api.w.org\/{rel}","templated":true}]}}