{"id":65156,"date":"2019-10-21T20:01:22","date_gmt":"2019-10-22T00:01:22","guid":{"rendered":"https:\/\/linitiative.ca\/International\/enquete-a-lencontre-dun-individu-pour-meurtre\/"},"modified":"2019-10-21T20:01:22","modified_gmt":"2019-10-22T00:01:22","slug":"enquete-a-lencontre-dun-individu-pour-meurtre","status":"publish","type":"post","link":"https:\/\/linitiative.ca\/International\/enquete-a-lencontre-dun-individu-pour-meurtre\/","title":{"rendered":"Enqu\u00eate \u00e0 l\u2019encontre d\u2019un individu pour meurtre"},"content":{"rendered":"<div class=\"single-featured\"><img alt=\"\" data-src=\"http:\/\/www.mapmarrakech.ma\/map\/uploads\/2019\/10\/DGSN-1.jpg\"\/><\/div>\n<div class=\"single-post-excerpt post-excerpt-bc\" readability=\"38\">\n<p>Rabat \u2013 Le service provincial de la police judiciaire de Safi a ouvert, lundi, une enqu\u00eate sous la supervision du parquet comp\u00e9tent, en vue d\u2019\u00e9lucider les tenants et aboutissants de l\u2019implication d\u2019un individu dans l\u2019agression physique de sa femme \u00e0 l\u2019arme blanche ayant entra\u00een\u00e9 sa mort.<\/p>\n<\/div>\n<div class=\"entry-content clearfix single-post-content\" readability=\"52\">\n<p>Dans un communiqu\u00e9, la Direction g\u00e9n\u00e9rale de la s\u00fbret\u00e9 nationale (DGSN) indique que les services de s\u00e9curit\u00e9 avaient constat\u00e9, aux premi\u00e8res heures de la journ\u00e9e, le cadavre de la victime \u00e0 l\u2019int\u00e9rieur du domicile conjugal, portant des traces apparentes de violence \u00e0 l\u2019aide d\u2019un outil tranchant, faisant savoir que l\u2019\u00e9poux suspect s\u2019est ensuite pr\u00e9sent\u00e9 de lui-m\u00eame au district de police.<\/p>\n<p>L\u2019arme blanche utilis\u00e9e dans l\u2019agression a \u00e9t\u00e9 saisie, selon la m\u00eame source, ajoutant que la d\u00e9pouille de la victime (24 ans) a \u00e9t\u00e9 transf\u00e9r\u00e9e \u00e0 la morgue pour autopsie.<\/p>\n<p>Le mis en cause, \u00e2g\u00e9 de 24 ans, a \u00e9t\u00e9 plac\u00e9 en garde \u00e0 vue \u00e0 la disposition de l\u2019enqu\u00eate men\u00e9e sous la supervision du parquet comp\u00e9tent pour d\u00e9terminer toutes les circonstances entourant cette affaire, conclut le communiqu\u00e9.<\/p>\n<\/div>\n<p>Auteur: Meriem IGASS<br \/>\n<a href=\"http:\/\/www.mapmarrakech.ma\/fr\/dgsn\/\">Cliquez ici pour lire l&rsquo;article depuis sa source.<\/a><\/p>\n","protected":false},"excerpt":{"rendered":"<p>Rabat \u2013 Le service provincial de la police judiciaire de Safi a ouvert, lundi, une enqu\u00eate sous la supervision du parquet comp\u00e9tent, en vue d\u2019\u00e9lucider les tenants et aboutissants de l\u2019implication d\u2019un individu dans l\u2019agression physique de sa femme \u00e0 l\u2019arme blanche ayant entra\u00een\u00e9 sa mort. Dans un communiqu\u00e9, la Direction g\u00e9n\u00e9rale de la s\u00fbret\u00e9 [&hellip;]<\/p>\n","protected":false},"author":1788,"featured_media":65157,"comment_status":"closed","ping_status":"closed","sticky":false,"template":"","format":"standard","meta":{"fifu_image_url":"","fifu_image_alt":"","footnotes":""},"categories":[54,76],"tags":[],"class_list":["post-65156","post","type-post","status-publish","format-standard","has-post-thumbnail","hentry","category-maroc","category-regions"],"_links":{"self":[{"href":"https:\/\/linitiative.ca\/International\/wp-json\/wp\/v2\/posts\/65156","targetHints":{"allow":["GET"]}}],"collection":[{"href":"https:\/\/linitiative.ca\/International\/wp-json\/wp\/v2\/posts"}],"about":[{"href":"https:\/\/linitiative.ca\/International\/wp-json\/wp\/v2\/types\/post"}],"author":[{"embeddable":true,"href":"https:\/\/linitiative.ca\/International\/wp-json\/wp\/v2\/users\/1788"}],"replies":[{"embeddable":true,"href":"https:\/\/linitiative.ca\/International\/wp-json\/wp\/v2\/comments?post=65156"}],"version-history":[{"count":0,"href":"https:\/\/linitiative.ca\/International\/wp-json\/wp\/v2\/posts\/65156\/revisions"}],"wp:featuredmedia":[{"embeddable":true,"href":"https:\/\/linitiative.ca\/International\/wp-json\/"}],"wp:attachment":[{"href":"https:\/\/linitiative.ca\/International\/wp-json\/wp\/v2\/media?parent=65156"}],"wp:term":[{"taxonomy":"category","embeddable":true,"href":"https:\/\/linitiative.ca\/International\/wp-json\/wp\/v2\/categories?post=65156"},{"taxonomy":"post_tag","embeddable":true,"href":"https:\/\/linitiative.ca\/International\/wp-json\/wp\/v2\/tags?post=65156"}],"curies":[{"name":"wp","href":"https:\/\/api.w.org\/{rel}","templated":true}]}}