{"id":65158,"date":"2019-10-21T20:18:53","date_gmt":"2019-10-22T00:18:53","guid":{"rendered":"https:\/\/linitiative.ca\/International\/economie-sociale-et-solidaire-des-opportunites-prometteuses\/"},"modified":"2019-10-21T20:18:53","modified_gmt":"2019-10-22T00:18:53","slug":"economie-sociale-et-solidaire-des-opportunites-prometteuses","status":"publish","type":"post","link":"https:\/\/linitiative.ca\/International\/economie-sociale-et-solidaire-des-opportunites-prometteuses\/","title":{"rendered":"Economie sociale et solidaire: Des opportunit\u00e9s prometteuses"},"content":{"rendered":"<div readability=\"40\">\n<p>Marrakech \u2013 Le secteur de l\u2019\u00e9conomie sociale et solidaire rec\u00e8le des opportunit\u00e9s prometteuses au niveau de l\u2019emploi et de l\u2019auto-emploi, a soulign\u00e9 lundi \u00e0 Marrakech, la directrice de la promotion de l\u2019\u00e9conomie sociale au minist\u00e8re du Tourisme, de l\u2019Artisanat, du Transport a\u00e9rien et de l\u2019Economie sociale, Saloua Tajri.<\/p>\n<\/div>\n<div readability=\"93\">\n<p>Ce secteur regorge d\u2019opportunit\u00e9s prometteuses, notamment en mati\u00e8re d\u2019emploi et de cr\u00e9ation des richesses, a relev\u00e9 Mme Tajri dans une d\u00e9claration \u00e0 la presse \u00e0 l\u2019occasion de l\u2019inauguration officielle du 1-er Salon r\u00e9gional de l\u2019\u00e9conomie sociale et solidaire.<\/p>\n<p>Le secteur de l\u2019\u00e9conomie sociale et solidaire permet de garantir la justice territoriale et sociale et d\u2019am\u00e9liorer les conditions de vie d\u2019importantes couches sociales dans la r\u00e9gion, a-t-elle indiqu\u00e9.<\/p>\n<p>Pour Mme Tajri ce salon constitue une occasion idoine pour booster l\u2019attractivit\u00e9 de ce secteur et promouvoir les produits de terroir et artisanaux, en mobilisant\u00a0les diff\u00e9rents acteurs de l\u2019\u00e9conomie sociale et solidaire.<\/p>\n<p>Cette manifestation socio-\u00e9conomique permettra, aussi, aux artisans de prendre connaissance des potentialit\u00e9s de ce secteur et de ses perspectives d\u2019avenir, a-t-elle ajout\u00e9.<\/p>\n<p>Le 1er Salon r\u00e9gional de l\u2019\u00e9conomie sociale et solidaire a ouvert ses portes au public lundi, \u00e0 la Place Harti, \u00e0 la Cit\u00e9 ocre, sous le th\u00e8me \u00ab\u00a0L\u2019\u00e9conomie sociale et solidaire: levier d\u2019un d\u00e9veloppement socio-\u00e9conomique durable\u00a0\u00bb.<\/p>\n<p>Initi\u00e9 par le Conseil de la r\u00e9gion de Marrakech-Safi en partenariat avec le minist\u00e8re du Tourisme, de l\u2019Artisanat, du Transport a\u00e9rien et de l\u2019Economie sociale et la Wilaya de la r\u00e9gion de Marrakech-Safi, cette manifestation socio-\u00e9conomique conna\u00eet la participation de pr\u00e8s de 200 exposants, dont des coop\u00e9ratives, associations et entreprises sociales, issus des diff\u00e9rentes provinces de la r\u00e9gion (Safi, Kela\u00e2t des Sraghna, Chichaoua, Essaouira, Al Haouz, Rhamna et la pr\u00e9fecture de Marrakech).<\/p>\n<p>Ce Salon est marqu\u00e9 par l\u2019organisation de conf\u00e9rences th\u00e9matiques et d\u2019ateliers de formation encadr\u00e9s par des chercheurs et des experts en la mati\u00e8re au profit des associations et des coop\u00e9ratives, outre des shows artistiques et des spectacles anim\u00e9s par des troupes folkloriques.<\/p>\n<p>Cette manifestation qui se poursuit jusqu\u2019au 26 octobre courant, s\u2019assigne pour objectif de valoriser les efforts d\u00e9ploy\u00e9s par les acteurs du secteur de l\u2019\u00e9conomie sociale et solidaire, de renforcer et d\u2019appuyer les techniques de marketing chez les diff\u00e9rents professionnels et de partager les exp\u00e9riences et les expertises pour tirer vers le haut la comp\u00e9titivit\u00e9 du secteur.<\/p>\n<p>L\u2019organisation de ce Salon s\u2019inscrit dans le cadre de la strat\u00e9gie du conseil r\u00e9gional visant \u00e0 consolider l\u2019\u00e9conomie sociale et solidaire dans la r\u00e9gion de Marrakech-Safi, \u00e0 travers l\u2019accompagnement des professionnels et le renforcement des capacit\u00e9s de productivit\u00e9 et de commercialisation dans la r\u00e9gion.<\/p>\n<\/div>\n<p>Auteur: Meriem IGASS<br \/>\n<a href=\"http:\/\/www.mapmarrakech.ma\/fr\/tjri\/\">Cliquez ici pour lire l&rsquo;article depuis sa source.<\/a><\/p>\n","protected":false},"excerpt":{"rendered":"<p>Marrakech \u2013 Le secteur de l\u2019\u00e9conomie sociale et solidaire rec\u00e8le des opportunit\u00e9s prometteuses au niveau de l\u2019emploi et de l\u2019auto-emploi, a soulign\u00e9 lundi \u00e0 Marrakech, la directrice de la promotion de l\u2019\u00e9conomie sociale au minist\u00e8re du Tourisme, de l\u2019Artisanat, du Transport a\u00e9rien et de l\u2019Economie sociale, Saloua Tajri. Ce secteur regorge d\u2019opportunit\u00e9s prometteuses, notamment en [&hellip;]<\/p>\n","protected":false},"author":1788,"featured_media":0,"comment_status":"closed","ping_status":"closed","sticky":false,"template":"","format":"standard","meta":{"fifu_image_url":"","fifu_image_alt":"","footnotes":""},"categories":[54,76],"tags":[],"class_list":["post-65158","post","type-post","status-publish","format-standard","hentry","category-maroc","category-regions"],"_links":{"self":[{"href":"https:\/\/linitiative.ca\/International\/wp-json\/wp\/v2\/posts\/65158","targetHints":{"allow":["GET"]}}],"collection":[{"href":"https:\/\/linitiative.ca\/International\/wp-json\/wp\/v2\/posts"}],"about":[{"href":"https:\/\/linitiative.ca\/International\/wp-json\/wp\/v2\/types\/post"}],"author":[{"embeddable":true,"href":"https:\/\/linitiative.ca\/International\/wp-json\/wp\/v2\/users\/1788"}],"replies":[{"embeddable":true,"href":"https:\/\/linitiative.ca\/International\/wp-json\/wp\/v2\/comments?post=65158"}],"version-history":[{"count":0,"href":"https:\/\/linitiative.ca\/International\/wp-json\/wp\/v2\/posts\/65158\/revisions"}],"wp:attachment":[{"href":"https:\/\/linitiative.ca\/International\/wp-json\/wp\/v2\/media?parent=65158"}],"wp:term":[{"taxonomy":"category","embeddable":true,"href":"https:\/\/linitiative.ca\/International\/wp-json\/wp\/v2\/categories?post=65158"},{"taxonomy":"post_tag","embeddable":true,"href":"https:\/\/linitiative.ca\/International\/wp-json\/wp\/v2\/tags?post=65158"}],"curies":[{"name":"wp","href":"https:\/\/api.w.org\/{rel}","templated":true}]}}