{"id":65159,"date":"2019-10-22T09:04:15","date_gmt":"2019-10-22T13:04:15","guid":{"rendered":"https:\/\/linitiative.ca\/International\/maroc-sao-tome-et-principe-signature-dun-accord\/"},"modified":"2019-10-22T09:04:15","modified_gmt":"2019-10-22T13:04:15","slug":"maroc-sao-tome-et-principe-signature-dun-accord","status":"publish","type":"post","link":"https:\/\/linitiative.ca\/International\/maroc-sao-tome-et-principe-signature-dun-accord\/","title":{"rendered":"Maroc-Sao Tom\u00e9-et-Principe: Signature d\u2019un accord"},"content":{"rendered":"<div readability=\"38\">\n<p>Marrakech \u2013 La Pr\u00e9sidence du Minist\u00e8re Public du Royaume du Maroc et le Minist\u00e8re Public de la R\u00e9publique de Sao Tom\u00e9-et-Principe ont sign\u00e9, mardi dans la cit\u00e9 ocre, un m\u00e9morandum d\u2019entente, en marge des travaux de la 2\u00e8me \u00e9dition de la Conf\u00e9rence Internationale de Marrakech sur la Justice.<\/p>\n<\/div>\n<div readability=\"76\">\n<p>Sign\u00e9 par le Procureur g\u00e9n\u00e9ral du Roi pr\u00e8s la Cour de cassation, Pr\u00e9sident du Minist\u00e8re Public, Mohammed Abdennabaoui, et le Procureur g\u00e9n\u00e9ral de la R\u00e9publique de Sao Tom\u00e9-et-Principe, M. Kelve Nobre De Carvalho, ce m\u00e9morandum d\u2019entente stipule que les deux parties vont coop\u00e9rer en vue du renforcement des capacit\u00e9s des Minist\u00e8res Publics des deux pays en mati\u00e8re des droits de l\u2019Homme, de lutte contre la corruption et le blanchiment des capitaux, de financement du terrorisme et de la criminalit\u00e9 transnationale, ainsi que pour la mise en \u0153uvre des conventions internationales en la mati\u00e8re ratifi\u00e9es par les deux pays.<\/p>\n<p>Les deux parties signataires pourront aussi, en vertu de cet accord, coop\u00e9rer en mati\u00e8re d\u2019\u00e9change d\u2019informations relatives aux l\u00e9gislations et aux syst\u00e8mes juridiques de leurs Etats respectifs.<\/p>\n<p>Le m\u00e9morandum d\u2019entente pr\u00e9voit \u00e9galement la coop\u00e9ration en mati\u00e8re de formation au profit des membres du Minist\u00e8re Public et des cadres administratifs dans les deux pays, ainsi que l\u2019\u00e9change des bulletins, des revues juridiques, des publications et des travaux de recherche li\u00e9s \u00e0 leurs l\u00e9gislations, notamment en mati\u00e8re de d\u00e9veloppement du travail du Minist\u00e8re Public dans les deux pays.<\/p>\n<p>Aux termes dudit accord, les deux parties pourront organiser des r\u00e9unions, des consultations, des visites officielles ou d\u2019\u00e9tudes, des conf\u00e9rences et des colloques sur des questions urgentes ou th\u00e9matiques d\u2019int\u00e9r\u00eat commun, en rapport avec la lutte contre le crime organis\u00e9, le terrorisme, le blanchiment de capitaux, la corruption et d\u2019autres crimes consid\u00e9r\u00e9s graves, ou toute autre th\u00e9matique convenue entre les parties.<\/p>\n<p>En plus, les deux parties s\u2019engagent \u00e0 \u00e9changer les conclusions et les recommandations les plus pertinentes issues de ces conf\u00e9rences et colloques.<\/p>\n<\/div>\n<p>Auteur: Meriem IGASS<br \/>\n<a href=\"http:\/\/www.mapmarrakech.ma\/fr\/memorandum\/\">Cliquez ici pour lire l&rsquo;article depuis sa source.<\/a><\/p>\n","protected":false},"excerpt":{"rendered":"<p>Marrakech \u2013 La Pr\u00e9sidence du Minist\u00e8re Public du Royaume du Maroc et le Minist\u00e8re Public de la R\u00e9publique de Sao Tom\u00e9-et-Principe ont sign\u00e9, mardi dans la cit\u00e9 ocre, un m\u00e9morandum d\u2019entente, en marge des travaux de la 2\u00e8me \u00e9dition de la Conf\u00e9rence Internationale de Marrakech sur la Justice. Sign\u00e9 par le Procureur g\u00e9n\u00e9ral du Roi [&hellip;]<\/p>\n","protected":false},"author":1788,"featured_media":0,"comment_status":"closed","ping_status":"closed","sticky":false,"template":"","format":"standard","meta":{"fifu_image_url":"","fifu_image_alt":"","footnotes":""},"categories":[54,76],"tags":[],"class_list":["post-65159","post","type-post","status-publish","format-standard","hentry","category-maroc","category-regions"],"_links":{"self":[{"href":"https:\/\/linitiative.ca\/International\/wp-json\/wp\/v2\/posts\/65159","targetHints":{"allow":["GET"]}}],"collection":[{"href":"https:\/\/linitiative.ca\/International\/wp-json\/wp\/v2\/posts"}],"about":[{"href":"https:\/\/linitiative.ca\/International\/wp-json\/wp\/v2\/types\/post"}],"author":[{"embeddable":true,"href":"https:\/\/linitiative.ca\/International\/wp-json\/wp\/v2\/users\/1788"}],"replies":[{"embeddable":true,"href":"https:\/\/linitiative.ca\/International\/wp-json\/wp\/v2\/comments?post=65159"}],"version-history":[{"count":0,"href":"https:\/\/linitiative.ca\/International\/wp-json\/wp\/v2\/posts\/65159\/revisions"}],"wp:attachment":[{"href":"https:\/\/linitiative.ca\/International\/wp-json\/wp\/v2\/media?parent=65159"}],"wp:term":[{"taxonomy":"category","embeddable":true,"href":"https:\/\/linitiative.ca\/International\/wp-json\/wp\/v2\/categories?post=65159"},{"taxonomy":"post_tag","embeddable":true,"href":"https:\/\/linitiative.ca\/International\/wp-json\/wp\/v2\/tags?post=65159"}],"curies":[{"name":"wp","href":"https:\/\/api.w.org\/{rel}","templated":true}]}}