{"id":65160,"date":"2019-10-22T09:40:49","date_gmt":"2019-10-22T13:40:49","guid":{"rendered":"https:\/\/linitiative.ca\/International\/distribution-de-cartables-aux-jeunes-ecoliers-demunis\/"},"modified":"2019-10-22T09:40:49","modified_gmt":"2019-10-22T13:40:49","slug":"distribution-de-cartables-aux-jeunes-ecoliers-demunis","status":"publish","type":"post","link":"https:\/\/linitiative.ca\/International\/distribution-de-cartables-aux-jeunes-ecoliers-demunis\/","title":{"rendered":"Distribution de cartables aux jeunes \u00e9coliers d\u00e9munis"},"content":{"rendered":"<div class=\"single-featured\"><img alt=\"\" data-src=\"http:\/\/www.mapmarrakech.ma\/map\/uploads\/2019\/10\/distributionessaouira-copier.jpg\"\/><\/div>\n<div class=\"single-post-excerpt post-excerpt-bc\" readability=\"36\">\n<p>Essaouira \u2013 L\u2019Association Essaouira-Mogador a organis\u00e9 r\u00e9cemment une op\u00e9ration de distribution de cartables et de fournitures scolaires, au profit de jeunes \u00e9coliers issus de milieux d\u00e9favoris\u00e9s et ce, dans le cadre de la rentr\u00e9e scolaire 2019-2020.<\/p>\n<\/div>\n<div class=\"entry-content clearfix single-post-content\" readability=\"59\">\n<p>Cette op\u00e9ration caritative, qui a b\u00e9n\u00e9fici\u00e9 \u00e9galement \u00e0 des enfants aux besoins sp\u00e9cifiques, s\u2019ins\u00e8re dans le sillage d\u2019une dynamique visant \u00e0 encourager les b\u00e9n\u00e9ficiaires \u00e0 pers\u00e9v\u00e9rer dans leur cursus scolaire, indique ladite association dans un communiqu\u00e9.<\/p>\n<p>Et de poursuivre que cette initiative sociale et humaine, organis\u00e9e en partenariat avec \u00ab\u00a0l\u2019Heure Joyeuse-Casablanca\u00a0\u00bb, cadre parfaitement avec l\u2019ensemble des efforts d\u00e9ploy\u00e9s au niveau de la province d\u2019Essaouira pour la promotion de la scolarisation au sein des milieux d\u00e9munis.<\/p>\n<p>Plac\u00e9e sous l\u2019\u00e9gide de la Direction Provinciale de l\u2019Education Nationale et de la province d\u2019Essaouira, cette op\u00e9ration a consist\u00e9 en la distribution de 264 cartables au niveau de 15 \u00e9tablissements scolaires d\u2019Essaouira, entre autres, l\u2019Ecole Skalla, l\u2019Ecole Lalla Amina 1, l\u2019Ecole Hassania, le Coll\u00e8ge El Abdari, le Coll\u00e8ge Gazoua, l\u2019Ecole primaire Gazoua, l\u2019Ecole Ibn Khaldoun, l\u2019Ecole Dar Eddaheb, l\u2019Ecole primaire Id Mjahdi (commune d\u2019Ounagha) et l\u2019Ecole Sidi Bouzekri (commune Smimou).<\/p>\n<\/div>\n<p>Auteur: Meriem IGASS<br \/>\n<a href=\"http:\/\/www.mapmarrakech.ma\/fr\/distribution\/\">Cliquez ici pour lire l&rsquo;article depuis sa source.<\/a><\/p>\n","protected":false},"excerpt":{"rendered":"<p>Essaouira \u2013 L\u2019Association Essaouira-Mogador a organis\u00e9 r\u00e9cemment une op\u00e9ration de distribution de cartables et de fournitures scolaires, au profit de jeunes \u00e9coliers issus de milieux d\u00e9favoris\u00e9s et ce, dans le cadre de la rentr\u00e9e scolaire 2019-2020. Cette op\u00e9ration caritative, qui a b\u00e9n\u00e9fici\u00e9 \u00e9galement \u00e0 des enfants aux besoins sp\u00e9cifiques, s\u2019ins\u00e8re dans le sillage d\u2019une dynamique [&hellip;]<\/p>\n","protected":false},"author":1788,"featured_media":65161,"comment_status":"closed","ping_status":"closed","sticky":false,"template":"","format":"standard","meta":{"fifu_image_url":"","fifu_image_alt":"","footnotes":""},"categories":[54,76],"tags":[],"class_list":["post-65160","post","type-post","status-publish","format-standard","has-post-thumbnail","hentry","category-maroc","category-regions"],"_links":{"self":[{"href":"https:\/\/linitiative.ca\/International\/wp-json\/wp\/v2\/posts\/65160","targetHints":{"allow":["GET"]}}],"collection":[{"href":"https:\/\/linitiative.ca\/International\/wp-json\/wp\/v2\/posts"}],"about":[{"href":"https:\/\/linitiative.ca\/International\/wp-json\/wp\/v2\/types\/post"}],"author":[{"embeddable":true,"href":"https:\/\/linitiative.ca\/International\/wp-json\/wp\/v2\/users\/1788"}],"replies":[{"embeddable":true,"href":"https:\/\/linitiative.ca\/International\/wp-json\/wp\/v2\/comments?post=65160"}],"version-history":[{"count":0,"href":"https:\/\/linitiative.ca\/International\/wp-json\/wp\/v2\/posts\/65160\/revisions"}],"wp:featuredmedia":[{"embeddable":true,"href":"https:\/\/linitiative.ca\/International\/wp-json\/"}],"wp:attachment":[{"href":"https:\/\/linitiative.ca\/International\/wp-json\/wp\/v2\/media?parent=65160"}],"wp:term":[{"taxonomy":"category","embeddable":true,"href":"https:\/\/linitiative.ca\/International\/wp-json\/wp\/v2\/categories?post=65160"},{"taxonomy":"post_tag","embeddable":true,"href":"https:\/\/linitiative.ca\/International\/wp-json\/wp\/v2\/tags?post=65160"}],"curies":[{"name":"wp","href":"https:\/\/api.w.org\/{rel}","templated":true}]}}