{"id":65162,"date":"2019-10-22T13:25:06","date_gmt":"2019-10-22T17:25:06","guid":{"rendered":"https:\/\/linitiative.ca\/International\/entretiens-de-m-abdennabaoui-avec-ses-homologues-etrangers\/"},"modified":"2019-10-22T13:25:06","modified_gmt":"2019-10-22T17:25:06","slug":"entretiens-de-m-abdennabaoui-avec-ses-homologues-etrangers","status":"publish","type":"post","link":"https:\/\/linitiative.ca\/International\/entretiens-de-m-abdennabaoui-avec-ses-homologues-etrangers\/","title":{"rendered":"Entretiens de M.Abdennabaoui avec ses homologues \u00e9trangers"},"content":{"rendered":"<div readability=\"40\">\n<p>Marrakech \u2013 Le Procureur g\u00e9n\u00e9ral du Roi pr\u00e8s la Cour de Cassation, pr\u00e9sident du Minist\u00e8re Public, Mohammed Abdennabaoui a tenu, lundi dans la cit\u00e9 ocre, une s\u00e9rie d\u2019entretiens bilat\u00e9raux avec des responsables judiciaires de plusieurs pays, en marge des travaux de la 2\u00e8me \u00e9dition de la Conf\u00e9rence internationale de Marrakech sur la Justice.<\/p>\n<\/div>\n<div readability=\"74\">\n<p>Dans ce sens, M. Abdennabaoui a eu des entretiens avec le pr\u00e9sident de la Cour supr\u00eame d\u2019Alg\u00e9rie, Abderrachid Tabi, ax\u00e9s sur le renforcement de la coop\u00e9ration judiciaire entre le Maroc et l\u2019Alg\u00e9rie, \u00e0 travers l\u2019\u00e9change des visites et des exp\u00e9riences entre les deux institutions judiciaires.<\/p>\n<p>Le pr\u00e9sident du Minist\u00e8re public s\u2019est \u00e9galement entretenu avec le Procureur g\u00e9n\u00e9ral turc des moyens de consolider la convention de partenariat conclue entre les deux parties en avril 2018 \u00e0 Ankara, et du r\u00f4le central de la Pr\u00e9sidence du Minist\u00e8re Public dans la cons\u00e9cration de l\u2019ind\u00e9pendance du pouvoir judiciaire au Maroc.<\/p>\n<p>Par la m\u00eame occasion, M. Abdennabaoui a re\u00e7u plusieurs pr\u00e9sidents de minist\u00e8res publics \u00e9trangers, notamment d\u2019Espagne, de Belgique, des Pays-Bas, de Jordanie et du Madagascar, afin d\u2019examiner les moyens de renforcer la coop\u00e9ration judiciaire et de consolider la promotion des droits de l\u2019homme et l\u2019\u00e9dification de l\u2019Etat de droit.<\/p>\n<p>De leurs c\u00f4t\u00e9s, les pr\u00e9sidents des minist\u00e8res publics \u00e9trangers ont salu\u00e9 l\u2019exp\u00e9rience marocaine en mati\u00e8re d\u2019ind\u00e9pendance du pouvoir judiciaire, consid\u00e9r\u00e9e comme un mod\u00e8le unique dans la r\u00e9gion arabe et africaine, exprimant leur volont\u00e9 de renforcer davantage les liens de coop\u00e9ration avec le Royaume.<\/p>\n<p>Dans le cadre du renforcement de la coop\u00e9ration judiciaire internationale et la promotion des programmes de formation ainsi que le renforcement des capacit\u00e9s des magistrats du Minist\u00e8re Public, M. Abdennabaoui a eu, en outre, des entretiens avec Claudia Wiedey, Ambassadrice, chef de la D\u00e9l\u00e9gation de l\u2019UE au Maroc et le conseiller juridique du programme de d\u00e9veloppement du droit commercial relevant du d\u00e9partement de commerce am\u00e9ricain (CLDP).<\/p>\n<\/div>\n<p>Auteur: Meriem IGASS<br \/>\n<a href=\"http:\/\/www.mapmarrakech.ma\/fr\/ministere-2\/\">Cliquez ici pour lire l&rsquo;article depuis sa source.<\/a><\/p>\n","protected":false},"excerpt":{"rendered":"<p>Marrakech \u2013 Le Procureur g\u00e9n\u00e9ral du Roi pr\u00e8s la Cour de Cassation, pr\u00e9sident du Minist\u00e8re Public, Mohammed Abdennabaoui a tenu, lundi dans la cit\u00e9 ocre, une s\u00e9rie d\u2019entretiens bilat\u00e9raux avec des responsables judiciaires de plusieurs pays, en marge des travaux de la 2\u00e8me \u00e9dition de la Conf\u00e9rence internationale de Marrakech sur la Justice. Dans ce [&hellip;]<\/p>\n","protected":false},"author":1788,"featured_media":0,"comment_status":"closed","ping_status":"closed","sticky":false,"template":"","format":"standard","meta":{"fifu_image_url":"","fifu_image_alt":"","footnotes":""},"categories":[54,76],"tags":[],"class_list":["post-65162","post","type-post","status-publish","format-standard","hentry","category-maroc","category-regions"],"_links":{"self":[{"href":"https:\/\/linitiative.ca\/International\/wp-json\/wp\/v2\/posts\/65162","targetHints":{"allow":["GET"]}}],"collection":[{"href":"https:\/\/linitiative.ca\/International\/wp-json\/wp\/v2\/posts"}],"about":[{"href":"https:\/\/linitiative.ca\/International\/wp-json\/wp\/v2\/types\/post"}],"author":[{"embeddable":true,"href":"https:\/\/linitiative.ca\/International\/wp-json\/wp\/v2\/users\/1788"}],"replies":[{"embeddable":true,"href":"https:\/\/linitiative.ca\/International\/wp-json\/wp\/v2\/comments?post=65162"}],"version-history":[{"count":0,"href":"https:\/\/linitiative.ca\/International\/wp-json\/wp\/v2\/posts\/65162\/revisions"}],"wp:attachment":[{"href":"https:\/\/linitiative.ca\/International\/wp-json\/wp\/v2\/media?parent=65162"}],"wp:term":[{"taxonomy":"category","embeddable":true,"href":"https:\/\/linitiative.ca\/International\/wp-json\/wp\/v2\/categories?post=65162"},{"taxonomy":"post_tag","embeddable":true,"href":"https:\/\/linitiative.ca\/International\/wp-json\/wp\/v2\/tags?post=65162"}],"curies":[{"name":"wp","href":"https:\/\/api.w.org\/{rel}","templated":true}]}}