{"id":65165,"date":"2019-10-22T12:38:23","date_gmt":"2019-10-22T16:38:23","guid":{"rendered":"https:\/\/linitiative.ca\/International\/bechar-arrestation-dun-narcotrafiquant-et-la-saisie-dune-importante-quantite-de-drogue-et-de-psychotropes\/"},"modified":"2019-10-22T12:38:23","modified_gmt":"2019-10-22T16:38:23","slug":"bechar-arrestation-dun-narcotrafiquant-et-la-saisie-dune-importante-quantite-de-drogue-et-de-psychotropes","status":"publish","type":"post","link":"https:\/\/linitiative.ca\/International\/bechar-arrestation-dun-narcotrafiquant-et-la-saisie-dune-importante-quantite-de-drogue-et-de-psychotropes\/","title":{"rendered":"Bechar : Arrestation d&rsquo;un narcotrafiquant, et la saisie d\u2019une importante quantit\u00e9 de drogue et de psychotropes"},"content":{"rendered":"<p><span class=\"sp-nh-title\">Projet de loi sur les hydrocarbures: trois formes de contrats en faveur de l&rsquo;investissement<\/span> &#8211; <span class=\"sp-nh-date\">mardi 22 octobre 2019 18:53<\/span><\/p>\n<p><span class=\"sp-nh-title\">Journ\u00e9e nationale de la presse: le r\u00f4le des correspondants locaux mis en exergue \u00e0 Bouira<\/span> &#8211; <span class=\"sp-nh-date\">mardi 22 octobre 2019 18:45<\/span><\/p>\n<p><span class=\"sp-nh-title\">Restructuration des r\u00e9gimes fiscaux pour une meilleure justice fiscale<\/span> &#8211; <span class=\"sp-nh-date\">mardi 22 octobre 2019 18:40<\/span><\/p>\n<p><span class=\"sp-nh-title\">Les pr\u00e9paratifs du baccalaur\u00e9at professionnel \u00e0 un stade avanc\u00e9<\/span> &#8211; <span class=\"sp-nh-date\">mardi 22 octobre 2019 18:34<\/span><\/p>\n<p><span class=\"sp-nh-title\">Le chef de l&rsquo;Etat appelle les professionnels de l&rsquo;information \u00e0 assumer le r\u00f4le qui leur incombe<\/span> &#8211; <span class=\"sp-nh-date\">mardi 22 octobre 2019 18:25<\/span><\/p>\n<p><span class=\"sp-nh-title\">S\u00e9curit\u00e9 sociale: Zeghmati appelle \u00e0 rem\u00e9dier aux situations non r\u00e9glementaires<\/span> &#8211; <span class=\"sp-nh-date\">mardi 22 octobre 2019 18:18<\/span><\/p>\n<p><span class=\"sp-nh-title\">INSFP de Oued Aissi (Tizi-Ouzou) : deux fili\u00e8res d&rsquo;excellence dans les \u00e9nergies renouvelables<\/span> &#8211; <span class=\"sp-nh-date\">mardi 22 octobre 2019 18:15<\/span><\/p>\n<p><span class=\"sp-nh-title\">ZLECAF : Djellab prendra part \u00e0 la r\u00e9union des ministres du commerce africains jeudi prochain \u00e0 Addis-Abeba<\/span> &#8211; <span class=\"sp-nh-date\">mardi 22 octobre 2019 18:06<\/span><\/p>\n<p><span class=\"sp-nh-title\">Situation sociale des journalistes : des ateliers examineront les aspects juridiques<\/span> &#8211; <span class=\"sp-nh-date\">mardi 22 octobre 2019 18:03<\/span><\/p>\n<p><span class=\"sp-nh-title\">Promotion de 4.600 employ\u00e9s et priorit\u00e9 aux d\u00e9tenteurs de contrats de pr\u00e9- emploi<\/span> &#8211; <span class=\"sp-nh-date\">mardi 22 octobre 2019 18:02<\/span><\/p>\n<p><span class=\"sp-nh-title\">Le r\u00f4le d\u2019Oran comme terre d\u2019asile pour les r\u00e9fugi\u00e9s r\u00e9publicains espagnols mis en exergue<\/span> &#8211; <span class=\"sp-nh-date\">mardi 22 octobre 2019 18:02<\/span><\/p>\n<p><span class=\"sp-nh-title\">Exposition alg\u00e9rienne au Niger : d\u00e9part \u00e0 Alger d&rsquo;une caravane de produits nationaux vers Niamey<\/span> &#8211; <span class=\"sp-nh-date\">mardi 22 octobre 2019 18:01<\/span><\/p>\n<p><span class=\"sp-nh-title\">Le chef de l&rsquo;Etat met en avant les conditions r\u00e9unies pour aller vers un scrutin pr\u00e9sidentiel le 12 d\u00e9cembre 2019<\/span> &#8211; <span class=\"sp-nh-date\">mardi 22 octobre 2019 17:59<\/span><\/p>\n<p><span class=\"sp-nh-title\">Le Projet de loi sur les hydrocarbures: 238 articles pour r\u00e9gir le secteur<\/span> &#8211; <span class=\"sp-nh-date\">mardi 22 octobre 2019 17:48<\/span><\/p>\n<p><span class=\"sp-nh-title\">Bechar : Arrestation d&rsquo;un narcotrafiquant, et la saisie d\u2019une importante quantit\u00e9 de drogue et de psychotropes<\/span> &#8211; <span class=\"sp-nh-date\">mardi 22 octobre 2019 17:38<\/span><\/p>\n<p><span class=\"sp-nh-title\">Le r\u00f4le d\u2019Oran comme terre d\u2019asile pour les r\u00e9fugi\u00e9s r\u00e9publicains espagnols mis en exergue<\/span> &#8211; <span class=\"sp-nh-date\">mardi 22 octobre 2019 17:33<\/span><\/p>\n<p><span class=\"sp-nh-title\">Environnement: le r\u00f4le de la femme, des jeunes et de l&rsquo;\u00e9cole dans l&rsquo;\u00e9conomie verte soulign\u00e9 \u00e0 Duba\u00ef<\/span> &#8211; <span class=\"sp-nh-date\">mardi 22 octobre 2019 17:24<\/span><\/p>\n<p><span class=\"sp-nh-title\">G\u00e9n\u00e9raliser l\u2019\u00e9nergie solaire dans les \u00e9coles, une des priorit\u00e9s de l\u2019Etat<\/span> &#8211; <span class=\"sp-nh-date\">mardi 22 octobre 2019 17:15<\/span><\/p>\n<p><span class=\"sp-nh-title\">Projet de loi sur les hydrocarbures: plusieurs imp\u00f4ts, taxes et redevances propos\u00e9es<\/span> &#8211; <span class=\"sp-nh-date\">mardi 22 octobre 2019 16:47<\/span><\/p>\n<p><span class=\"sp-nh-title\">Une \u00e9quipe de sp\u00e9cialistes de l\u2019EHU d\u2019Oran en d\u00e9placement dans le Sud<\/span> &#8211; <span class=\"sp-nh-date\">mardi 22 octobre 2019 16:46<\/span><\/p>\n<p>Auteur:<br \/>\n<a href=\"http:\/\/www.aps.dz\/regions\/96095-bechar-arrestation-d-un-narcotrafiquant-et-la-saisie-d-une-importante-quantite-de-drogue-et-de-psychotropes\">Cliquez ici pour lire l&rsquo;article depuis sa source.<\/a><\/p>\n","protected":false},"excerpt":{"rendered":"<p>Projet de loi sur les hydrocarbures: trois formes de contrats en faveur de l&rsquo;investissement &#8211; mardi 22 octobre 2019 18:53 Journ\u00e9e nationale de la presse: le r\u00f4le des correspondants locaux mis en exergue \u00e0 Bouira &#8211; mardi 22 octobre 2019 18:45 Restructuration des r\u00e9gimes fiscaux pour une meilleure justice fiscale &#8211; mardi 22 octobre 2019 [&hellip;]<\/p>\n","protected":false},"author":1790,"featured_media":0,"comment_status":"closed","ping_status":"closed","sticky":false,"template":"","format":"standard","meta":{"fifu_image_url":"","fifu_image_alt":"","footnotes":""},"categories":[53,76],"tags":[],"class_list":["post-65165","post","type-post","status-publish","format-standard","hentry","category-algerie","category-regions"],"_links":{"self":[{"href":"https:\/\/linitiative.ca\/International\/wp-json\/wp\/v2\/posts\/65165","targetHints":{"allow":["GET"]}}],"collection":[{"href":"https:\/\/linitiative.ca\/International\/wp-json\/wp\/v2\/posts"}],"about":[{"href":"https:\/\/linitiative.ca\/International\/wp-json\/wp\/v2\/types\/post"}],"author":[{"embeddable":true,"href":"https:\/\/linitiative.ca\/International\/wp-json\/wp\/v2\/users\/1790"}],"replies":[{"embeddable":true,"href":"https:\/\/linitiative.ca\/International\/wp-json\/wp\/v2\/comments?post=65165"}],"version-history":[{"count":0,"href":"https:\/\/linitiative.ca\/International\/wp-json\/wp\/v2\/posts\/65165\/revisions"}],"wp:attachment":[{"href":"https:\/\/linitiative.ca\/International\/wp-json\/wp\/v2\/media?parent=65165"}],"wp:term":[{"taxonomy":"category","embeddable":true,"href":"https:\/\/linitiative.ca\/International\/wp-json\/wp\/v2\/categories?post=65165"},{"taxonomy":"post_tag","embeddable":true,"href":"https:\/\/linitiative.ca\/International\/wp-json\/wp\/v2\/tags?post=65165"}],"curies":[{"name":"wp","href":"https:\/\/api.w.org\/{rel}","templated":true}]}}