{"id":65175,"date":"2019-10-22T06:15:00","date_gmt":"2019-10-22T10:15:00","guid":{"rendered":"https:\/\/linitiative.ca\/International\/quand-la-france-se-dechire-pour-un-bout-de-tissu\/"},"modified":"2019-10-22T06:15:00","modified_gmt":"2019-10-22T10:15:00","slug":"quand-la-france-se-dechire-pour-un-bout-de-tissu","status":"publish","type":"post","link":"https:\/\/linitiative.ca\/International\/quand-la-france-se-dechire-pour-un-bout-de-tissu\/","title":{"rendered":"Quand la France se d\u00e9chire pour un bout de tissu"},"content":{"rendered":"<div readability=\"34\">\n<p>Une pol\u00e9mique de plus suscit\u00e9e par un \u00e9lu d\u2019extr\u00eame droite<\/p>\n<p>Des d\u00e9rapages dans les m\u00e9dias fran\u00e7ais<\/p>\n<\/div>\n<div readability=\"104\">\n<p class=\"rtejustify\">Quelque 500 personnes, des femmes pour la plupart, se sont r\u00e9unies samedi \u00e0 Paris, en France, pour d\u00e9noncer une islamophobie de plus en plus d\u00e9complex\u00e9e.\u00a0 Trop peu nombreux selon une participante qui se d\u00e9sole du manque de solidarit\u00e9 face \u00e0 un climat d\u00e9l\u00e9t\u00e8re.<\/p>\n<p class=\"rtejustify\">Toutes disent ressentir la peur et l\u2019ins\u00e9curit\u00e9. Il faut dire que\u00a0 30 ans apr\u00e8s la premi\u00e8re affaire du foulard, lorsque trois coll\u00e9giennes, d\u2019origine marocaine,\u00a0 avaient \u00e9t\u00e9 exclues pour avoir refus\u00e9 de retirer leur voile \u00e0 Creil, dans le d\u00e9partement de l\u2019Oise, la France est toujours aussi divis\u00e9e sur la question.<\/p>\n<p class=\"rtejustify\">\u00abL\u2019affaire de Creil a cr\u00e9\u00e9 un cycle dont on n\u2019est pas sorti, avec une focalisation sur le foulard\u00bb, constate Isma\u00efl Ferhat, ma\u00eetre de conf\u00e9rences \u00e0 l\u2019Universit\u00e9 Picardie, qui a coordonn\u00e9 l\u2019ouvrage \u00abLes foulards de la discorde\u00bb. \u00abToutefois, depuis, la cible s\u2019est beaucoup \u00e9largie\u00bb, ajoute-t-il, \u00e9num\u00e9rant les d\u00e9bats \u00e0 la cr\u00e8che (l\u2019affaire Baby-loup), sur le voile int\u00e9gral, le burkini, les piscines municipales, les v\u00eatements de sport et, tout r\u00e9cemment, sur les m\u00e8res accompagnatrices de sorties scolaires.<\/p>\n<p class=\"rtejustify\">Sans jamais cesser, les attaques contre \u00able foulard islamique\u00bb dans l\u2019hexagone, ont pris une tournure plus violente lorsqu\u2019un \u00e9lu sous l\u2019\u00e9tiquette du Rassemblement national au conseil r\u00e9gional de Bourgogne-Franche-Comt\u00e9 a\u00a0 profit\u00e9 d\u2019une s\u00e9ance pl\u00e9ni\u00e8re pour prendre \u00e0 partie une m\u00e8re accompagnant une sortie scolaire, exigeant d\u2019elle qu\u2019elle retire son foulard au nom des \u00abprincipes la\u00efques\u00bb.<\/p>\n<p class=\"rtejustify\">La s\u00e9quence film\u00e9e est tr\u00e8s vite devenue virale, s\u2019invitant dans l\u2019agenda politique de la semaine, donnant cours \u00e0 des d\u00e9rapages de la part d\u2019hommes et de femmes politiques et des m\u00e9dias.\u00a0 Pas moins de 85 d\u00e9bats sur le sujet ont \u00e9t\u00e9 mont\u00e9s dans l\u2019urgence par\u00a0 les cha\u00eenes d\u2019information continue, telles que LCI, CNews, France-Info et BFMTV. Le site Checknews, le service de fact-checking du quotidien Lib\u00e9ration, a not\u00e9 que sur l\u2019ensemble de ces d\u00e9bats\u2026 aucune femme voil\u00e9e n\u2019a \u00e9t\u00e9 invit\u00e9e! Le site note toutefois des d\u00e9rapages flagrants comme dans le cas du journaliste\u00a0 Olivier Galzi comparant le voile aux uniformes SS.\u00a0<\/p>\n<p class=\"rtejustify\">Face \u00e0 la pol\u00e9mique grandissante qui divise la majorit\u00e9, le pr\u00e9sident fran\u00e7ais Emmanuel Macron a appel\u00e9 mercredi dernier \u00e0 ne pas \u00abstigmatiser\u00bb les musulmans, en d\u00e9non\u00e7ant un \u00abraccourci fatal\u00bb entre lutte contre le terrorisme et islam. \u00abFaisons bloc et ne nous divisons pas pour lutter d\u2019abord et avant tout contre la radicalisation dans notre soci\u00e9t\u00e9, \u0153uvrons pour que la R\u00e9publique soit partout\u00bb, a ajout\u00e9 le chef de l\u2019Etat tout en appelant,\u00a0 tout de m\u00eame, \u00e0 \u00ab\u00eatre intraitable avec le communautarisme\u00bb.<\/p>\n<blockquote readability=\"15\">\n<p class=\"rtecenter\"><strong><span class=\"c4\">Hassan II et le voile<\/span><\/strong><\/p>\n<p class=\"rtejustify\">Depuis l\u2019affaire \u00abCreil\u00bb la question du port du voile est encore d\u2019actualit\u00e9 en France. Une affaire qui avait suscit\u00e9 l\u2019int\u00e9r\u00eat du Roi Hassan II. Apr\u00e8s plusieurs\u00a0 mois de pol\u00e9miques, les jeunes filles avaient finalement retir\u00e9 leur voile, apr\u00e8s une intervention personnelle du d\u00e9funt Roi.\u00a0 Hassan II s\u2019en expliquera d\u2019ailleurs lors de la c\u00e9l\u00e8bre \u00e9mission \u00abL\u2019heure de v\u00e9rit\u00e9\u00bb. \u00abLes musulmans traditionalistes en France disent que le voile est essentiel\u00bb, mais au Maroc \u00abla majorit\u00e9 des femmes marocaines ne portent pas le voile. De plus en plus. (\u2026) Les commandements de l\u2019islam concernant le port du voile sont d\u00e9finis dans le temps et dans l\u2019espace (\u2026) D\u2019ailleurs la preuve que quand on a demand\u00e9 aux deux jeunes filles marocaines, quand je leur ai fait demander personnellement et en tant que p\u00e8re de famille, par l\u2019interm\u00e9diaire de mon ambassadeur, de vouloir bien cesser cette affaire dont elles sont \u00e0 l\u2019origine sans le vouloir, elles ont parfaitement compris et leurs parents aussi\u00bb.<\/p>\n<\/blockquote>\n<p class=\"rtejustify\"><em>A.Bo<\/em><\/p>\n<p class=\"rtejustify\">\u00a0<\/p>\n<p class=\"rtejustify\">\u00a0<\/p>\n<\/div>\n<p>Auteur: hlafriqi<br \/>\n<a href=\"https:\/\/www.leconomiste.com\/article\/1052004-quand-la-france-se-dechire-pour-un-bout-de-tissu\">Cliquez ici pour lire l&rsquo;article depuis sa source.<\/a><\/p>\n","protected":false},"excerpt":{"rendered":"<p>Une pol\u00e9mique de plus suscit\u00e9e par un \u00e9lu d\u2019extr\u00eame droite Des d\u00e9rapages dans les m\u00e9dias fran\u00e7ais Quelque 500 personnes, des femmes pour la plupart, se sont r\u00e9unies samedi \u00e0 Paris, en France, pour d\u00e9noncer une islamophobie de plus en plus d\u00e9complex\u00e9e.\u00a0 Trop peu nombreux selon une participante qui se d\u00e9sole du manque de solidarit\u00e9 face [&hellip;]<\/p>\n","protected":false},"author":1763,"featured_media":0,"comment_status":"closed","ping_status":"closed","sticky":false,"template":"","format":"standard","meta":{"fifu_image_url":"","fifu_image_alt":"","footnotes":""},"categories":[78,54],"tags":[],"class_list":["post-65175","post","type-post","status-publish","format-standard","hentry","category-economie","category-maroc"],"_links":{"self":[{"href":"https:\/\/linitiative.ca\/International\/wp-json\/wp\/v2\/posts\/65175","targetHints":{"allow":["GET"]}}],"collection":[{"href":"https:\/\/linitiative.ca\/International\/wp-json\/wp\/v2\/posts"}],"about":[{"href":"https:\/\/linitiative.ca\/International\/wp-json\/wp\/v2\/types\/post"}],"author":[{"embeddable":true,"href":"https:\/\/linitiative.ca\/International\/wp-json\/wp\/v2\/users\/1763"}],"replies":[{"embeddable":true,"href":"https:\/\/linitiative.ca\/International\/wp-json\/wp\/v2\/comments?post=65175"}],"version-history":[{"count":0,"href":"https:\/\/linitiative.ca\/International\/wp-json\/wp\/v2\/posts\/65175\/revisions"}],"wp:attachment":[{"href":"https:\/\/linitiative.ca\/International\/wp-json\/wp\/v2\/media?parent=65175"}],"wp:term":[{"taxonomy":"category","embeddable":true,"href":"https:\/\/linitiative.ca\/International\/wp-json\/wp\/v2\/categories?post=65175"},{"taxonomy":"post_tag","embeddable":true,"href":"https:\/\/linitiative.ca\/International\/wp-json\/wp\/v2\/tags?post=65175"}],"curies":[{"name":"wp","href":"https:\/\/api.w.org\/{rel}","templated":true}]}}