{"id":65189,"date":"2019-10-21T20:00:00","date_gmt":"2019-10-22T00:00:00","guid":{"rendered":"https:\/\/linitiative.ca\/International\/droit-du-peuple-sahraoui-a-lautodetermination-le-soutien-de-lalgerie-est-clair-et-sans-equivoque\/"},"modified":"2019-10-21T20:00:00","modified_gmt":"2019-10-22T00:00:00","slug":"droit-du-peuple-sahraoui-a-lautodetermination-le-soutien-de-lalgerie-est-clair-et-sans-equivoque","status":"publish","type":"post","link":"https:\/\/linitiative.ca\/International\/droit-du-peuple-sahraoui-a-lautodetermination-le-soutien-de-lalgerie-est-clair-et-sans-equivoque\/","title":{"rendered":"Droit du peuple sahraoui \u00e0 l\u2019autod\u00e9termination : \u00ab Le soutien de l\u2019Alg\u00e9rie est clair et sans \u00e9quivoque \u00bb"},"content":{"rendered":"<p>La position de l&rsquo;Alg\u00e9rie de soutien \u00e0 la cause sahraouie et au droit du peuple sahraoui \u00e0 l&rsquo;autod\u00e9termination est \u00abclaire et sans \u00e9quivoque\u00bb, a affirm\u00e9 hier le ministre de la Communication, porte-parole du Gouvernement et ministre de la Culture par int\u00e9rim, Hassan Rabehi. Interrog\u00e9 sur les r\u00e9centes d\u00e9clarations de Amar Sa\u00e2dani concernant la question du Sahara occidental, il a qualifi\u00e9 celles-ci d\u2019 \u00abinsignifiantes\u00bb tant elles n\u2019engagent que leur auteur. Il a aussi certifi\u00e9 d\u2019une mani\u00e8re solennelle du soutien ind\u00e9fectible de l\u2019Alg\u00e9rie au droit du peuple sahraoui \u00e0 l&rsquo;autod\u00e9termination, pr\u00e9cisant que \u00ab la question sahraouie, dont la l\u00e9gitimit\u00e9 est reconnue par plusieurs pays, est inscrite \u00e0 l&rsquo;ordre du jour de l&rsquo;ONU\u00bb. Le ministre a salu\u00e9 \u00e0 l&rsquo;occasion \u00able haut sens de responsabilit\u00e9 avec lequel l&rsquo;ONU traite la question du Sahara occidental, affirmant que \u00ab le r\u00e8glement de cette question passe imp\u00e9rativement par un r\u00e9f\u00e9rendum d&rsquo;autod\u00e9termination qui permettra au peuple sahraoui de d\u00e9cider de son avenir conform\u00e9ment aux chartes et lois internationales adopt\u00e9es par l&rsquo;ONU\u00bb.<\/p>\n<p>\u00a0K. A.<\/p>\n<p>Auteur: elmoudjahid<br \/>\n<a href=\"http:\/\/www.elmoudjahid.com\/fr\/actualites\/143485\">Cliquez ici pour lire l&rsquo;article depuis sa source.<\/a><\/p>\n","protected":false},"excerpt":{"rendered":"<p>La position de l&rsquo;Alg\u00e9rie de soutien \u00e0 la cause sahraouie et au droit du peuple sahraoui \u00e0 l&rsquo;autod\u00e9termination est \u00abclaire et sans \u00e9quivoque\u00bb, a affirm\u00e9 hier le ministre de la Communication, porte-parole du Gouvernement et ministre de la Culture par int\u00e9rim, Hassan Rabehi. Interrog\u00e9 sur les r\u00e9centes d\u00e9clarations de Amar Sa\u00e2dani concernant la question du [&hellip;]<\/p>\n","protected":false},"author":1744,"featured_media":0,"comment_status":"closed","ping_status":"closed","sticky":false,"template":"","format":"standard","meta":{"fifu_image_url":"","fifu_image_alt":"","footnotes":""},"categories":[73,53],"tags":[],"class_list":["post-65189","post","type-post","status-publish","format-standard","hentry","category-actualite","category-algerie"],"_links":{"self":[{"href":"https:\/\/linitiative.ca\/International\/wp-json\/wp\/v2\/posts\/65189","targetHints":{"allow":["GET"]}}],"collection":[{"href":"https:\/\/linitiative.ca\/International\/wp-json\/wp\/v2\/posts"}],"about":[{"href":"https:\/\/linitiative.ca\/International\/wp-json\/wp\/v2\/types\/post"}],"author":[{"embeddable":true,"href":"https:\/\/linitiative.ca\/International\/wp-json\/wp\/v2\/users\/1744"}],"replies":[{"embeddable":true,"href":"https:\/\/linitiative.ca\/International\/wp-json\/wp\/v2\/comments?post=65189"}],"version-history":[{"count":0,"href":"https:\/\/linitiative.ca\/International\/wp-json\/wp\/v2\/posts\/65189\/revisions"}],"wp:attachment":[{"href":"https:\/\/linitiative.ca\/International\/wp-json\/wp\/v2\/media?parent=65189"}],"wp:term":[{"taxonomy":"category","embeddable":true,"href":"https:\/\/linitiative.ca\/International\/wp-json\/wp\/v2\/categories?post=65189"},{"taxonomy":"post_tag","embeddable":true,"href":"https:\/\/linitiative.ca\/International\/wp-json\/wp\/v2\/tags?post=65189"}],"curies":[{"name":"wp","href":"https:\/\/api.w.org\/{rel}","templated":true}]}}