{"id":65190,"date":"2019-10-21T20:00:00","date_gmt":"2019-10-22T00:00:00","guid":{"rendered":"https:\/\/linitiative.ca\/International\/mondiaux-dathletisme-2019-le-chef-de-letat-decore-makhloufi-de-la-medaille-de-lordre-du-merite-national-au-rang-de-ahid\/"},"modified":"2019-10-21T20:00:00","modified_gmt":"2019-10-22T00:00:00","slug":"mondiaux-dathletisme-2019-le-chef-de-letat-decore-makhloufi-de-la-medaille-de-lordre-du-merite-national-au-rang-de-ahid","status":"publish","type":"post","link":"https:\/\/linitiative.ca\/International\/mondiaux-dathletisme-2019-le-chef-de-letat-decore-makhloufi-de-la-medaille-de-lordre-du-merite-national-au-rang-de-ahid\/","title":{"rendered":"Mondiaux d\u2019athl\u00e9tisme 2019 : le chef de l\u2019\u00e9tat d\u00e9core Makhloufi de la m\u00e9daille de l\u2019ordre du m\u00e9rite national au rang de \u00abAhid\u00bb"},"content":{"rendered":"<p>Le chef de l&rsquo;Etat, Abdelkader Bensalah, a d\u00e9cor\u00e9, hier au si\u00e8ge de la pr\u00e9sidence de la R\u00e9publique, le champion alg\u00e9rien Taoufik Makhloufi de la m\u00e9daille de l&rsquo;ordre du m\u00e9rite national au rang de \u00abAhid\u00bb pour ses efforts et ses performances lors des diff\u00e9rentes joutes sportives continentales et internationales, indique un communiqu\u00e9 de la pr\u00e9sidence de la R\u00e9publique. \u00abCette m\u00e9daille d\u00e9cern\u00e9e \u00e0 Taoufik Makhloufi se veut un hommage pour l&rsquo;ensemble de sa carri\u00e8re sportive, riche en performances r\u00e9alis\u00e9es dans les sp\u00e9cialit\u00e9s du 800m et du 1500m, mais aussi pour le record national qu&rsquo;il a battu et les nombreuses m\u00e9dailles qu&rsquo;il a d\u00e9croch\u00e9es dans le cadre de sa participation \u00e0 diff\u00e9rentes joutes et comp\u00e9titions olympiques aux niveau africain et mondial, la derni\u00e8re en date \u00e9tant la m\u00e9daille d&rsquo;argent du 1500m remport\u00e9e aux Mondiaux d&rsquo;athl\u00e9tisme de Doha (Qatar)\u00bb, pr\u00e9cise le communiqu\u00e9. \u00abA cette occasion, le chef de l&rsquo;Etat n&rsquo;a pas manqu\u00e9 de saluer le nationalisme et le sens du sacrifice dont a toujours fait montre le champion alg\u00e9rien Taoufik Makhloufi, et qui lui ont valu reconnaissance et respect aux niveaux national et international\u00bb, conclut la m\u00eame source.<\/p>\n<p>Auteur: elmoudjahid<br \/>\n<a href=\"http:\/\/www.elmoudjahid.com\/fr\/actualites\/143486\">Cliquez ici pour lire l&rsquo;article depuis sa source.<\/a><\/p>\n","protected":false},"excerpt":{"rendered":"<p>Le chef de l&rsquo;Etat, Abdelkader Bensalah, a d\u00e9cor\u00e9, hier au si\u00e8ge de la pr\u00e9sidence de la R\u00e9publique, le champion alg\u00e9rien Taoufik Makhloufi de la m\u00e9daille de l&rsquo;ordre du m\u00e9rite national au rang de \u00abAhid\u00bb pour ses efforts et ses performances lors des diff\u00e9rentes joutes sportives continentales et internationales, indique un communiqu\u00e9 de la pr\u00e9sidence de [&hellip;]<\/p>\n","protected":false},"author":1744,"featured_media":0,"comment_status":"closed","ping_status":"closed","sticky":false,"template":"","format":"standard","meta":{"fifu_image_url":"","fifu_image_alt":"","footnotes":""},"categories":[73,53],"tags":[],"class_list":["post-65190","post","type-post","status-publish","format-standard","hentry","category-actualite","category-algerie"],"_links":{"self":[{"href":"https:\/\/linitiative.ca\/International\/wp-json\/wp\/v2\/posts\/65190","targetHints":{"allow":["GET"]}}],"collection":[{"href":"https:\/\/linitiative.ca\/International\/wp-json\/wp\/v2\/posts"}],"about":[{"href":"https:\/\/linitiative.ca\/International\/wp-json\/wp\/v2\/types\/post"}],"author":[{"embeddable":true,"href":"https:\/\/linitiative.ca\/International\/wp-json\/wp\/v2\/users\/1744"}],"replies":[{"embeddable":true,"href":"https:\/\/linitiative.ca\/International\/wp-json\/wp\/v2\/comments?post=65190"}],"version-history":[{"count":0,"href":"https:\/\/linitiative.ca\/International\/wp-json\/wp\/v2\/posts\/65190\/revisions"}],"wp:attachment":[{"href":"https:\/\/linitiative.ca\/International\/wp-json\/wp\/v2\/media?parent=65190"}],"wp:term":[{"taxonomy":"category","embeddable":true,"href":"https:\/\/linitiative.ca\/International\/wp-json\/wp\/v2\/categories?post=65190"},{"taxonomy":"post_tag","embeddable":true,"href":"https:\/\/linitiative.ca\/International\/wp-json\/wp\/v2\/tags?post=65190"}],"curies":[{"name":"wp","href":"https:\/\/api.w.org\/{rel}","templated":true}]}}