{"id":65191,"date":"2019-10-21T20:00:00","date_gmt":"2019-10-22T00:00:00","guid":{"rendered":"https:\/\/linitiative.ca\/International\/sommet-russie-afrique-m-bensalah-demain-a-sotchi\/"},"modified":"2019-10-21T20:00:00","modified_gmt":"2019-10-22T00:00:00","slug":"sommet-russie-afrique-m-bensalah-demain-a-sotchi","status":"publish","type":"post","link":"https:\/\/linitiative.ca\/International\/sommet-russie-afrique-m-bensalah-demain-a-sotchi\/","title":{"rendered":"Sommet Russie &#8211; Afrique : M. Bensalah demain \u00e0 Sotchi"},"content":{"rendered":"<p>Le chef de l\u2019\u00c9tat, Abdelkader Bensalah, prendra part au premier sommet Russie-Afrique, pr\u00e9vu les 23 et 24 octobre \u00e0 Sotchi (F\u00e9d\u00e9ration de Russie), a indiqu\u00e9 hier un communiqu\u00e9 de la pr\u00e9sidence de la R\u00e9publique. Plus de quarante chefs d\u2019\u00c9tat et de gouvernements devront prendre part aux travaux de ce sommet consacr\u00e9 \u00e0 \u00abl\u2019\u00e9valuation globale des relations et l\u2019examen des voies et moyens et des perspectives de partenariat, outre l\u2019activation des m\u00e9canismes de coop\u00e9ration dans les\u00a0\u00a0 divers domaines entre les pays africains et ce partenaire important avec\u00a0\u00a0 qui l\u2019Alg\u00e9rie entretient des relations historiques, solides et strat\u00e9giques\u00bb, a pr\u00e9cis\u00e9 la m\u00eame source. Deux importants \u00e9v\u00e8nements seront au menu des travaux du sommet, \u00e0 savoir le forum \u00e9conomique, pr\u00e9vu le 23 octobre, ainsi que le sommet des chefs\u00a0\u00a0 d\u2019\u00c9tat et de gouvernement qui se tiendra le 24 octobre et sera sanctionn\u00e9e par l\u2019adoption d\u2019une d\u00e9claration finale, a ajout\u00e9 le communiqu\u00e9. Le chef de l\u2019\u00c9tat sera \u00e0 la t\u00eate d\u2019une importante d\u00e9l\u00e9gation compos\u00e9e du ministre des Affaires \u00e9trang\u00e8res, Sabri Boukadoum, du ministre des Finances, Mohamed Loukal, et du ministre de l\u2019\u00c9nergie, Mohamed Arkab. Le chef de l\u2019\u00c9tat se rendra ensuite, avec le chef de la diplomatie alg\u00e9rienne, \u00e0 Bako (capitale d\u2019Azerba\u00efdjan), pour participer au 18e sommet des Pays Non- Align\u00e9s, plac\u00e9 sous le slogan \u00abPr\u00e9server les principes de Bandung pour parvenir \u00e0 des solutions consensuelles et ad\u00e9quates pour relever les grands d\u00e9fis mondiaux\u00bb.\u00a0<br \/>Nombre de questions seront abord\u00e9es au 18e sommet de Bako, \u00e0 l\u2019instar de la s\u00e9curit\u00e9 et de la paix internationales, notamment la cause palestinienne, outre la lutte antiterroriste, le d\u00e9sarmement, l\u2019immigration, la coop\u00e9ration Sud-Sud, les changements climatiques et le d\u00e9veloppement durable, et ce dans un contexte international sensible o\u00f9 le mouvement des pays non-align\u00e9s aspire \u00e0 raffermir ses rangs et unifier ses positions concernant ces questions, afin d\u2019effectuer un r\u00f4le plus efficace dans les forums internationaux. Le chef de l\u2019\u00c9tat aura, lors de ces deux sommets, une s\u00e9rie de rencontres bilat\u00e9rales avec ses homologues des pays participants, a conclu le communiqu\u00e9 de la pr\u00e9sidence.<\/p>\n<p>Auteur: elmoudjahid<br \/>\n<a href=\"http:\/\/www.elmoudjahid.com\/fr\/actualites\/143487\">Cliquez ici pour lire l&rsquo;article depuis sa source.<\/a><\/p>\n","protected":false},"excerpt":{"rendered":"<p>Le chef de l\u2019\u00c9tat, Abdelkader Bensalah, prendra part au premier sommet Russie-Afrique, pr\u00e9vu les 23 et 24 octobre \u00e0 Sotchi (F\u00e9d\u00e9ration de Russie), a indiqu\u00e9 hier un communiqu\u00e9 de la pr\u00e9sidence de la R\u00e9publique. Plus de quarante chefs d\u2019\u00c9tat et de gouvernements devront prendre part aux travaux de ce sommet consacr\u00e9 \u00e0 \u00abl\u2019\u00e9valuation globale des [&hellip;]<\/p>\n","protected":false},"author":1744,"featured_media":0,"comment_status":"closed","ping_status":"closed","sticky":false,"template":"","format":"standard","meta":{"fifu_image_url":"","fifu_image_alt":"","footnotes":""},"categories":[73,53],"tags":[],"class_list":["post-65191","post","type-post","status-publish","format-standard","hentry","category-actualite","category-algerie"],"_links":{"self":[{"href":"https:\/\/linitiative.ca\/International\/wp-json\/wp\/v2\/posts\/65191","targetHints":{"allow":["GET"]}}],"collection":[{"href":"https:\/\/linitiative.ca\/International\/wp-json\/wp\/v2\/posts"}],"about":[{"href":"https:\/\/linitiative.ca\/International\/wp-json\/wp\/v2\/types\/post"}],"author":[{"embeddable":true,"href":"https:\/\/linitiative.ca\/International\/wp-json\/wp\/v2\/users\/1744"}],"replies":[{"embeddable":true,"href":"https:\/\/linitiative.ca\/International\/wp-json\/wp\/v2\/comments?post=65191"}],"version-history":[{"count":0,"href":"https:\/\/linitiative.ca\/International\/wp-json\/wp\/v2\/posts\/65191\/revisions"}],"wp:attachment":[{"href":"https:\/\/linitiative.ca\/International\/wp-json\/wp\/v2\/media?parent=65191"}],"wp:term":[{"taxonomy":"category","embeddable":true,"href":"https:\/\/linitiative.ca\/International\/wp-json\/wp\/v2\/categories?post=65191"},{"taxonomy":"post_tag","embeddable":true,"href":"https:\/\/linitiative.ca\/International\/wp-json\/wp\/v2\/tags?post=65191"}],"curies":[{"name":"wp","href":"https:\/\/api.w.org\/{rel}","templated":true}]}}