{"id":65194,"date":"2019-10-22T10:14:26","date_gmt":"2019-10-22T14:14:26","guid":{"rendered":"https:\/\/linitiative.ca\/International\/96083-jeux-mondiaux-militaires-athletisme-plusieurs-algeriens-en-finale\/"},"modified":"2019-10-22T10:14:26","modified_gmt":"2019-10-22T14:14:26","slug":"96083-jeux-mondiaux-militaires-athletisme-plusieurs-algeriens-en-finale","status":"publish","type":"post","link":"https:\/\/linitiative.ca\/International\/96083-jeux-mondiaux-militaires-athletisme-plusieurs-algeriens-en-finale\/","title":{"rendered":"Jeux mondiaux militaires\/Athl\u00e9tisme: plusieurs Alg\u00e9riens en finale"},"content":{"rendered":"<p><span class=\"sp-nh-title\">Festival de la po\u00e9sie f\u00e9minine : appel \u00e0 la cr\u00e9ation d&rsquo;une anthologie de po\u00e9sie maghr\u00e9bine<\/span> &#8211; <span class=\"sp-nh-date\">mardi 22 octobre 2019 19:41<\/span><\/p>\n<p><span class=\"sp-nh-title\">Relations alg\u00e9ro-hangroises : Berraf d\u00e9cor\u00e9 de l&rsquo;Ordre du m\u00e9rite de Hongrie<\/span> &#8211; <span class=\"sp-nh-date\">mardi 22 octobre 2019 19:40<\/span><\/p>\n<p><span class=\"sp-nh-title\">Handball \/ CAN-2020 (pr\u00e9paration): Montpelier HB- Alg\u00e9rie ce mercredi \u00e0 18h00<\/span> &#8211; <span class=\"sp-nh-date\">mardi 22 octobre 2019 19:36<\/span><\/p>\n<p><span class=\"sp-nh-title\">Journ\u00e9e nationale de la presse: Message du chef de l&rsquo;Etat, Abdelkader Bensalah (Texte int\u00e9gral)<\/span> &#8211; <span class=\"sp-nh-date\">mardi 22 octobre 2019 19:31<\/span><\/p>\n<p><span class=\"sp-nh-title\">Plus de 1,2 millions de comprim\u00e9s psychotropes saisis durant le premier semestre de 2019<\/span> &#8211; <span class=\"sp-nh-date\">mardi 22 octobre 2019 19:26<\/span><\/p>\n<p><span class=\"sp-nh-title\">Le Pr\u00e9sident Ghali appelle l&rsquo;ONU \u00e0 nommer rapidement un successeur \u00e0 Kohler<\/span> &#8211; <span class=\"sp-nh-date\">mardi 22 octobre 2019 19:09<\/span><\/p>\n<p><span class=\"sp-nh-title\">Bensalah : La presse nationale a toujours \u00e9t\u00e9 le porte-voix de la soci\u00e9t\u00e9<\/span> &#8211; <span class=\"sp-nh-date\">mardi 22 octobre 2019 19:04<\/span><\/p>\n<p><span class=\"sp-nh-title\">Pillage : Le Britannique GeoEx vend les donn\u00e9es sismiques de l\u2019offshore sahraoui<\/span> &#8211; <span class=\"sp-nh-date\">mardi 22 octobre 2019 18:53<\/span><\/p>\n<p><span class=\"sp-nh-title\">Projet de loi sur les hydrocarbures: trois formes de contrats en faveur de l&rsquo;investissement<\/span> &#8211; <span class=\"sp-nh-date\">mardi 22 octobre 2019 18:53<\/span><\/p>\n<p><span class=\"sp-nh-title\">Journ\u00e9e nationale de la presse: le r\u00f4le des correspondants locaux mis en exergue \u00e0 Bouira<\/span> &#8211; <span class=\"sp-nh-date\">mardi 22 octobre 2019 18:45<\/span><\/p>\n<p><span class=\"sp-nh-title\">Restructuration des r\u00e9gimes fiscaux pour une meilleure justice fiscale<\/span> &#8211; <span class=\"sp-nh-date\">mardi 22 octobre 2019 18:40<\/span><\/p>\n<p><span class=\"sp-nh-title\">Les pr\u00e9paratifs du baccalaur\u00e9at professionnel \u00e0 un stade avanc\u00e9<\/span> &#8211; <span class=\"sp-nh-date\">mardi 22 octobre 2019 18:34<\/span><\/p>\n<p><span class=\"sp-nh-title\">Le chef de l&rsquo;Etat appelle les professionnels de l&rsquo;information \u00e0 assumer le r\u00f4le qui leur incombe<\/span> &#8211; <span class=\"sp-nh-date\">mardi 22 octobre 2019 18:25<\/span><\/p>\n<p><span class=\"sp-nh-title\">S\u00e9curit\u00e9 sociale: Zeghmati appelle \u00e0 rem\u00e9dier aux situations non r\u00e9glementaires<\/span> &#8211; <span class=\"sp-nh-date\">mardi 22 octobre 2019 18:18<\/span><\/p>\n<p><span class=\"sp-nh-title\">INSFP de Oued Aissi (Tizi-Ouzou) : deux fili\u00e8res d&rsquo;excellence dans les \u00e9nergies renouvelables<\/span> &#8211; <span class=\"sp-nh-date\">mardi 22 octobre 2019 18:15<\/span><\/p>\n<p><span class=\"sp-nh-title\">ZLECAF : Djellab prendra part \u00e0 la r\u00e9union des ministres du commerce africains jeudi prochain \u00e0 Addis-Abeba<\/span> &#8211; <span class=\"sp-nh-date\">mardi 22 octobre 2019 18:06<\/span><\/p>\n<p><span class=\"sp-nh-title\">Situation sociale des journalistes : des ateliers examineront les aspects juridiques<\/span> &#8211; <span class=\"sp-nh-date\">mardi 22 octobre 2019 18:03<\/span><\/p>\n<p><span class=\"sp-nh-title\">Promotion de 4.600 employ\u00e9s et priorit\u00e9 aux d\u00e9tenteurs de contrats de pr\u00e9- emploi<\/span> &#8211; <span class=\"sp-nh-date\">mardi 22 octobre 2019 18:02<\/span><\/p>\n<p><span class=\"sp-nh-title\">Le r\u00f4le d\u2019Oran comme terre d\u2019asile pour les r\u00e9fugi\u00e9s r\u00e9publicains espagnols mis en exergue<\/span> &#8211; <span class=\"sp-nh-date\">mardi 22 octobre 2019 18:02<\/span><\/p>\n<p><span class=\"sp-nh-title\">Exposition alg\u00e9rienne au Niger : d\u00e9part \u00e0 Alger d&rsquo;une caravane de produits nationaux vers Niamey<\/span> &#8211; <span class=\"sp-nh-date\">mardi 22 octobre 2019 18:01<\/span><\/p>\n<p>Auteur:<br \/>\n<a href=\"http:\/\/www.aps.dz\/sport\/96083-jeux-mondiaux-militaires-athletisme-plusieurs-algeriens-en-finale?utm_source=feedburner&#038;utm_medium=feed&#038;utm_campaign=Feed%3A+aps-sport+%28APS+-+SPORT%29\">Cliquez ici pour lire l&rsquo;article depuis sa source.<\/a><\/p>\n","protected":false},"excerpt":{"rendered":"<p>Festival de la po\u00e9sie f\u00e9minine : appel \u00e0 la cr\u00e9ation d&rsquo;une anthologie de po\u00e9sie maghr\u00e9bine &#8211; mardi 22 octobre 2019 19:41 Relations alg\u00e9ro-hangroises : Berraf d\u00e9cor\u00e9 de l&rsquo;Ordre du m\u00e9rite de Hongrie &#8211; mardi 22 octobre 2019 19:40 Handball \/ CAN-2020 (pr\u00e9paration): Montpelier HB- Alg\u00e9rie ce mercredi \u00e0 18h00 &#8211; mardi 22 octobre 2019 19:36 [&hellip;]<\/p>\n","protected":false},"author":1790,"featured_media":0,"comment_status":"closed","ping_status":"closed","sticky":false,"template":"","format":"standard","meta":{"fifu_image_url":"","fifu_image_alt":"","footnotes":""},"categories":[53,75],"tags":[],"class_list":["post-65194","post","type-post","status-publish","format-standard","hentry","category-algerie","category-sport"],"_links":{"self":[{"href":"https:\/\/linitiative.ca\/International\/wp-json\/wp\/v2\/posts\/65194","targetHints":{"allow":["GET"]}}],"collection":[{"href":"https:\/\/linitiative.ca\/International\/wp-json\/wp\/v2\/posts"}],"about":[{"href":"https:\/\/linitiative.ca\/International\/wp-json\/wp\/v2\/types\/post"}],"author":[{"embeddable":true,"href":"https:\/\/linitiative.ca\/International\/wp-json\/wp\/v2\/users\/1790"}],"replies":[{"embeddable":true,"href":"https:\/\/linitiative.ca\/International\/wp-json\/wp\/v2\/comments?post=65194"}],"version-history":[{"count":0,"href":"https:\/\/linitiative.ca\/International\/wp-json\/wp\/v2\/posts\/65194\/revisions"}],"wp:attachment":[{"href":"https:\/\/linitiative.ca\/International\/wp-json\/wp\/v2\/media?parent=65194"}],"wp:term":[{"taxonomy":"category","embeddable":true,"href":"https:\/\/linitiative.ca\/International\/wp-json\/wp\/v2\/categories?post=65194"},{"taxonomy":"post_tag","embeddable":true,"href":"https:\/\/linitiative.ca\/International\/wp-json\/wp\/v2\/tags?post=65194"}],"curies":[{"name":"wp","href":"https:\/\/api.w.org\/{rel}","templated":true}]}}