{"id":65199,"date":"2019-10-22T12:35:00","date_gmt":"2019-10-22T16:35:00","guid":{"rendered":"https:\/\/linitiative.ca\/International\/tribunal-militaire-de-blida-le-general-mehena-djebbar-incarcere\/"},"modified":"2019-10-22T12:35:00","modified_gmt":"2019-10-22T16:35:00","slug":"tribunal-militaire-de-blida-le-general-mehena-djebbar-incarcere","status":"publish","type":"post","link":"https:\/\/linitiative.ca\/International\/tribunal-militaire-de-blida-le-general-mehena-djebbar-incarcere\/","title":{"rendered":"TRIBUNAL MILITAIRE DE BLIDA : Le g\u00e9n\u00e9ral Mehena  Djebbar incarc\u00e9r\u00e9"},"content":{"rendered":"<p><br id=\"sep_para_1\" class=\"sep_para access\"\/><\/p>\n<div id=\"para_1\" class=\"para_33613589 resize\">\n<div class=\"texte access firstletter\">Le g\u00e9n\u00e9ral-major Djebbar M\u2019henna, ex-puissant patron de la DCSA (Direction centrale de la s\u00e9curit\u00e9 de l\u2019Arm\u00e9e) a \u00e9t\u00e9 plac\u00e9 lundi 21 octobre\u00a0 en d\u00e9tention provisoire par le juge d\u2019instruction pr\u00e8s le tribunal militaire de Blida, rapporte Ennahar TV. Le G\u00e9n\u00e9ral-major \u00e0 la retraite, Djebbar M\u2019henna est poursuivi pour abus de fonction et d\u2019enrichissement illicite, pr\u00e9cise la m\u00eame source. R\u00e9put\u00e9 proche de Mohamed Medi\u00e8ne, alias Toufik, le g\u00e9n\u00e9ral Djebbar a occup\u00e9 d\u2019importantes fonctions au sein de l\u2019Arm\u00e9e. Il a dirig\u00e9 pendant des ann\u00e9es la Direction centrale de la s\u00e9curit\u00e9 de l\u2019Arm\u00e9e, jusqu\u2019\u00e0 sa mise \u00e0 la retraite en 2011.\u00a0\u00a0\u00a0\u00a0\u00a0\u00a0\u00a0\u00a0<\/div>\n<\/div>\n<p>Auteur: Nadine<br \/>\n<a href=\"https:\/\/www.reflexiondz.net\/TRIBUNAL-MILITAIRE-DE-BLIDA-Le-general-Mehena-Djebbar-incarcere_a58385.html\">Cliquez ici pour lire l&rsquo;article depuis sa source.<\/a><\/p>\n","protected":false},"excerpt":{"rendered":"<p>Le g\u00e9n\u00e9ral-major Djebbar M\u2019henna, ex-puissant patron de la DCSA (Direction centrale de la s\u00e9curit\u00e9 de l\u2019Arm\u00e9e) a \u00e9t\u00e9 plac\u00e9 lundi 21 octobre\u00a0 en d\u00e9tention provisoire par le juge d\u2019instruction pr\u00e8s le tribunal militaire de Blida, rapporte Ennahar TV. Le G\u00e9n\u00e9ral-major \u00e0 la retraite, Djebbar M\u2019henna est poursuivi pour abus de fonction et d\u2019enrichissement illicite, pr\u00e9cise [&hellip;]<\/p>\n","protected":false},"author":1740,"featured_media":0,"comment_status":"closed","ping_status":"closed","sticky":false,"template":"","format":"standard","meta":{"fifu_image_url":"","fifu_image_alt":"","footnotes":""},"categories":[53,76],"tags":[],"class_list":["post-65199","post","type-post","status-publish","format-standard","hentry","category-algerie","category-regions"],"_links":{"self":[{"href":"https:\/\/linitiative.ca\/International\/wp-json\/wp\/v2\/posts\/65199","targetHints":{"allow":["GET"]}}],"collection":[{"href":"https:\/\/linitiative.ca\/International\/wp-json\/wp\/v2\/posts"}],"about":[{"href":"https:\/\/linitiative.ca\/International\/wp-json\/wp\/v2\/types\/post"}],"author":[{"embeddable":true,"href":"https:\/\/linitiative.ca\/International\/wp-json\/wp\/v2\/users\/1740"}],"replies":[{"embeddable":true,"href":"https:\/\/linitiative.ca\/International\/wp-json\/wp\/v2\/comments?post=65199"}],"version-history":[{"count":0,"href":"https:\/\/linitiative.ca\/International\/wp-json\/wp\/v2\/posts\/65199\/revisions"}],"wp:attachment":[{"href":"https:\/\/linitiative.ca\/International\/wp-json\/wp\/v2\/media?parent=65199"}],"wp:term":[{"taxonomy":"category","embeddable":true,"href":"https:\/\/linitiative.ca\/International\/wp-json\/wp\/v2\/categories?post=65199"},{"taxonomy":"post_tag","embeddable":true,"href":"https:\/\/linitiative.ca\/International\/wp-json\/wp\/v2\/tags?post=65199"}],"curies":[{"name":"wp","href":"https:\/\/api.w.org\/{rel}","templated":true}]}}