{"id":65200,"date":"2019-10-22T12:35:00","date_gmt":"2019-10-22T16:35:00","guid":{"rendered":"https:\/\/linitiative.ca\/International\/tamanrasset-reddition-dun-terroriste-aux-autorites-militaires\/"},"modified":"2019-10-22T12:35:00","modified_gmt":"2019-10-22T16:35:00","slug":"tamanrasset-reddition-dun-terroriste-aux-autorites-militaires","status":"publish","type":"post","link":"https:\/\/linitiative.ca\/International\/tamanrasset-reddition-dun-terroriste-aux-autorites-militaires\/","title":{"rendered":"TAMANRASSET : Reddition d\u2019un terroriste aux autorit\u00e9s militaires"},"content":{"rendered":"<p><br id=\"sep_para_1\" class=\"sep_para access\"\/><\/p>\n<div id=\"para_1\" class=\"para_33613577 resize\">\n<div class=\"texte access firstletter\">Un terroriste s\u2019est rendu, ce 21 octobre 2019, aux autorit\u00e9s militaires de Tamanrasset, extr\u00eame Sud du pays, indique un communiqu\u00e9 du minist\u00e8re de la D\u00e9fense nationale. Dans le cadre de la lutte antiterroriste et gr\u00e2ce aux efforts des Forces de l\u2019Arm\u00e9e nationale populaire, un (01) terroriste s\u2019est rendu, le 21 octobre 2019, aux autorit\u00e9s militaires \u00e0 Tamanrasset en 6\u00e8me R\u00e9gion Militaire. Il s\u2019agit du nomm\u00e9 \u00abCh. Mouaad\u00bb, dit \u00abAbou Hodhaifa\u00bb. Dans le cadre de la lutte contre la criminalit\u00e9 organis\u00e9e, un d\u00e9tachement de l\u2019Arm\u00e9e nationale populaire a appr\u00e9hend\u00e9, \u00e0 In Guezzam (6\u00e8me RM), un (01) individu \u00e0 bord d\u2019un v\u00e9hicule tout-terrain charg\u00e9 de (3600) kilogrammes de denr\u00e9es alimentaires destin\u00e9s \u00e0 la contrebande, tandis que des \u00e9l\u00e9ments de la Gendarmerie nationale ont arr\u00eat\u00e9 trois (03) narcotrafiquants en possession de (650) comprim\u00e9s psychotropes \u00e0 Oran (2\u00e8me RM).\u00a0\u00a0\u00a0\u00a0\u00a0\u00a0\u00a0\u00a0<\/div>\n<\/div>\n<p>Auteur: Nadine<br \/>\n<a href=\"https:\/\/www.reflexiondz.net\/TAMANRASSET-Reddition-d-un-terroriste-aux-autorites-militaires_a58384.html\">Cliquez ici pour lire l&rsquo;article depuis sa source.<\/a><\/p>\n","protected":false},"excerpt":{"rendered":"<p>Un terroriste s\u2019est rendu, ce 21 octobre 2019, aux autorit\u00e9s militaires de Tamanrasset, extr\u00eame Sud du pays, indique un communiqu\u00e9 du minist\u00e8re de la D\u00e9fense nationale. Dans le cadre de la lutte antiterroriste et gr\u00e2ce aux efforts des Forces de l\u2019Arm\u00e9e nationale populaire, un (01) terroriste s\u2019est rendu, le 21 octobre 2019, aux autorit\u00e9s militaires [&hellip;]<\/p>\n","protected":false},"author":1740,"featured_media":0,"comment_status":"closed","ping_status":"closed","sticky":false,"template":"","format":"standard","meta":{"fifu_image_url":"","fifu_image_alt":"","footnotes":""},"categories":[53,76],"tags":[],"class_list":["post-65200","post","type-post","status-publish","format-standard","hentry","category-algerie","category-regions"],"_links":{"self":[{"href":"https:\/\/linitiative.ca\/International\/wp-json\/wp\/v2\/posts\/65200","targetHints":{"allow":["GET"]}}],"collection":[{"href":"https:\/\/linitiative.ca\/International\/wp-json\/wp\/v2\/posts"}],"about":[{"href":"https:\/\/linitiative.ca\/International\/wp-json\/wp\/v2\/types\/post"}],"author":[{"embeddable":true,"href":"https:\/\/linitiative.ca\/International\/wp-json\/wp\/v2\/users\/1740"}],"replies":[{"embeddable":true,"href":"https:\/\/linitiative.ca\/International\/wp-json\/wp\/v2\/comments?post=65200"}],"version-history":[{"count":0,"href":"https:\/\/linitiative.ca\/International\/wp-json\/wp\/v2\/posts\/65200\/revisions"}],"wp:attachment":[{"href":"https:\/\/linitiative.ca\/International\/wp-json\/wp\/v2\/media?parent=65200"}],"wp:term":[{"taxonomy":"category","embeddable":true,"href":"https:\/\/linitiative.ca\/International\/wp-json\/wp\/v2\/categories?post=65200"},{"taxonomy":"post_tag","embeddable":true,"href":"https:\/\/linitiative.ca\/International\/wp-json\/wp\/v2\/tags?post=65200"}],"curies":[{"name":"wp","href":"https:\/\/api.w.org\/{rel}","templated":true}]}}