{"id":65201,"date":"2019-10-22T12:36:00","date_gmt":"2019-10-22T16:36:00","guid":{"rendered":"https:\/\/linitiative.ca\/International\/bouregaa-refuse-de-repondre-au-juge\/"},"modified":"2019-10-22T12:36:00","modified_gmt":"2019-10-22T16:36:00","slug":"bouregaa-refuse-de-repondre-au-juge","status":"publish","type":"post","link":"https:\/\/linitiative.ca\/International\/bouregaa-refuse-de-repondre-au-juge\/","title":{"rendered":"Bouregaa refuse de r\u00e9pondre au juge !"},"content":{"rendered":"<p><br id=\"sep_para_1\" class=\"sep_para access\"\/><\/p>\n<div id=\"para_1\" class=\"para_33613595 resize\">\n<div class=\"texte access firstletter\">\u00a0Le Moudjahid Lakhdar Bouregaa a refus\u00e9 ce mardi 22 octobre de r\u00e9pondre aux questions du juge d\u2019instruction pr\u00e9s du tribunal de Bir Mourad Rais qui l\u2019avait convoqu\u00e9 plus t\u00f4t. Selon ce que rapporte le site Ennahar Online, les avocats de la d\u00e9fense ont \u00e9galement indiqu\u00e9 que l\u2019homme, \u00e2g\u00e9 de 87 ans, a refus\u00e9 de signer le PV et a demand\u00e9 la lib\u00e9ration des d\u00e9tenus du \u00ab Hirak \u00bb. Suite \u00e0 quoi, selon la m\u00eame source, le juge a ordonn\u00e9 se remise en d\u00e9tention. Rappelons qu\u2019il s\u2019agit de la deuxi\u00e8me audition du\u00a0 commandant de l\u2019ALN. Il \u00e9tait convoqu\u00e9 pour r\u00e9pondre des deux griefs pour lesquels il est poursuivi, \u00e0 savoir : \u00ab atteinte au moral de l\u2019arm\u00e9e et d\u2019outrage \u00e0 corps constitu\u00e9 \u00bb. Dans une lettre dat\u00e9e du 17 ao\u00fbt 2019, sa famille avait appel\u00e9 \u00e0 sa lib\u00e9ration \u00ab dans les plus brefs d\u00e9lais vu son \u00e9tat de sant\u00e9 d\u00e9grad\u00e9 \u00bb.<\/div>\n<\/div>\n<p>Auteur: R\u00e9flexion<br \/>\n<a href=\"https:\/\/www.reflexiondz.net\/Bouregaa-refuse-de-repondre-au-juge-_a58389.html\">Cliquez ici pour lire l&rsquo;article depuis sa source.<\/a><\/p>\n","protected":false},"excerpt":{"rendered":"<p>\u00a0Le Moudjahid Lakhdar Bouregaa a refus\u00e9 ce mardi 22 octobre de r\u00e9pondre aux questions du juge d\u2019instruction pr\u00e9s du tribunal de Bir Mourad Rais qui l\u2019avait convoqu\u00e9 plus t\u00f4t. Selon ce que rapporte le site Ennahar Online, les avocats de la d\u00e9fense ont \u00e9galement indiqu\u00e9 que l\u2019homme, \u00e2g\u00e9 de 87 ans, a refus\u00e9 de signer [&hellip;]<\/p>\n","protected":false},"author":1740,"featured_media":0,"comment_status":"closed","ping_status":"closed","sticky":false,"template":"","format":"standard","meta":{"fifu_image_url":"","fifu_image_alt":"","footnotes":""},"categories":[53,76],"tags":[],"class_list":["post-65201","post","type-post","status-publish","format-standard","hentry","category-algerie","category-regions"],"_links":{"self":[{"href":"https:\/\/linitiative.ca\/International\/wp-json\/wp\/v2\/posts\/65201","targetHints":{"allow":["GET"]}}],"collection":[{"href":"https:\/\/linitiative.ca\/International\/wp-json\/wp\/v2\/posts"}],"about":[{"href":"https:\/\/linitiative.ca\/International\/wp-json\/wp\/v2\/types\/post"}],"author":[{"embeddable":true,"href":"https:\/\/linitiative.ca\/International\/wp-json\/wp\/v2\/users\/1740"}],"replies":[{"embeddable":true,"href":"https:\/\/linitiative.ca\/International\/wp-json\/wp\/v2\/comments?post=65201"}],"version-history":[{"count":0,"href":"https:\/\/linitiative.ca\/International\/wp-json\/wp\/v2\/posts\/65201\/revisions"}],"wp:attachment":[{"href":"https:\/\/linitiative.ca\/International\/wp-json\/wp\/v2\/media?parent=65201"}],"wp:term":[{"taxonomy":"category","embeddable":true,"href":"https:\/\/linitiative.ca\/International\/wp-json\/wp\/v2\/categories?post=65201"},{"taxonomy":"post_tag","embeddable":true,"href":"https:\/\/linitiative.ca\/International\/wp-json\/wp\/v2\/tags?post=65201"}],"curies":[{"name":"wp","href":"https:\/\/api.w.org\/{rel}","templated":true}]}}