{"id":65207,"date":"2019-10-22T05:20:33","date_gmt":"2019-10-22T09:20:33","guid":{"rendered":"https:\/\/linitiative.ca\/International\/me-abdallah-heboul-avocat-le-snm-se-mure-dans-un-silence-inexplicable\/"},"modified":"2019-10-22T05:20:33","modified_gmt":"2019-10-22T09:20:33","slug":"me-abdallah-heboul-avocat-le-snm-se-mure-dans-un-silence-inexplicable","status":"publish","type":"post","link":"https:\/\/linitiative.ca\/International\/me-abdallah-heboul-avocat-le-snm-se-mure-dans-un-silence-inexplicable\/","title":{"rendered":"Me Abdallah Heboul. Avocat : \u00abLe SNM se mure dans un silence inexplicable\u00bb"},"content":{"rendered":"<h4 class=\"title-14\"\/>\n<div class=\"featured_image\"><img width=\"619\" height=\"400\" data-cfsrc=\"https:\/\/www.elwatan.com\/wp-content\/uploads\/2019\/10\/haboul-col.jpg\" class=\"attachment-post-thumbnail size-post-thumbnail wp-post-image c2\" alt=\"\" srcset=\"https:\/\/www.elwatan.com\/wp-content\/uploads\/2019\/10\/haboul-col.jpg 619w, https:\/\/www.elwatan.com\/wp-content\/uploads\/2019\/10\/haboul-col-300x194.jpg 300w\" sizes=\"(max-width: 619px) 100vw, 619px\"\/><noscript><\/p>\n<p><img loading=\"lazy\" decoding=\"async\" width=\"619\" height=\"400\" src=\"https:\/\/www.elwatan.com\/wp-content\/uploads\/2019\/10\/haboul-col.jpg\" class=\"attachment-post-thumbnail size-post-thumbnail wp-post-image\" alt=\"\" srcset=\"https:\/\/www.elwatan.com\/wp-content\/uploads\/2019\/10\/haboul-col.jpg 619w, https:\/\/www.elwatan.com\/wp-content\/uploads\/2019\/10\/haboul-col-300x194.jpg 300w\" sizes=\"auto, (max-width: 619px) 100vw, 619px\"\/><\/p>\n<p><\/noscript><\/div>\n<p class=\"p3\"><em><strong><span class=\"s1\">Le collectif de d\u00e9fense des d\u00e9tenus d\u2019opinion parle de l\u2019exception Sidi M\u2019hamed\u00a0; qu\u2019en pensez-vous ?<\/span><\/strong><\/em><\/p>\n<p class=\"p3\"><span class=\"s1\">C\u2019est une formulation qui exprime une r\u00e9alit\u00e9 si l\u2019on compare le traitement judiciaire r\u00e9serv\u00e9 aux activistes du hirak \u00e0 Alger et dans les autres wilayas. Prenons l\u2019exemple des affaires de l\u2019embl\u00e8me amazigh. Des citoyens arr\u00eat\u00e9s pour avoir port\u00e9 ce drapeau ont \u00e9t\u00e9 poursuivis au tribunal de Annaba et dans ceux de Batna, Constantine et Mostaghanem. A chaque fois, les pr\u00e9venus ont \u00e9t\u00e9 acquitt\u00e9s. Dans ces exemples, on remarque que les dossiers n\u2019ont pas \u00e9t\u00e9 confi\u00e9s aux juges d\u2019instruction, ils (les dossiers) ont suivi la proc\u00e9dure de comparution imm\u00e9diate et abouti \u00e0 la lib\u00e9ration des citoyens. Ici, il faut dire que la d\u00e9cision du tribunal de Annaba a \u00e9t\u00e9 un mod\u00e8le d\u2019application de la loi. En revanche, \u00e0 Sidi M\u2019hamed, les poursuites ont pris beaucoup de temps parce qu\u2019on a saisi les juges d\u2019instruction, qui ont plac\u00e9 ces activistes sous mandat de d\u00e9p\u00f4t. Et \u00e0 ce jour, les affaires sont toujours en instruction et aucun d\u00e9tenu n\u2019a \u00e9t\u00e9 jug\u00e9 ; certains bouclent quatre mois de d\u00e9tention \u00e0 la prison d\u2019El Harrach. Quand on voit ces diff\u00e9rents traitements pour les m\u00eames inculpations, on est en droit de parler d\u2019exception alg\u00e9roise, plus pr\u00e9cis\u00e9ment du tribunal Sidi M\u2019hamed. Il s\u2019agit l\u00e0 d\u2019une contradiction flagrante avec la Constitution qui stipule dans l\u2019article 158, alin\u00e9a 2 : \u00abElle (la justice) est \u00e9gale pour tous, accessible \u00e0 tous et s\u2019exprime par le respect du droit.\u00bb J\u2019attire ici votre attention pour pr\u00e9ciser qu\u2019il faut faire la diff\u00e9rence entre \u00e9galit\u00e9 devant la loi et \u00e9galit\u00e9 devant la justice.<\/span><\/p>\n<p class=\"p3\"><em><strong><span class=\"s1\">Mais les parquets de Constantine, El Oued et Ouargla ont pris des d\u00e9cisions aussi dures cette semaine ; comment expliquez-vous cela ?<\/span><\/strong><\/em><\/p>\n<p class=\"p3\"><span class=\"s1\">Je pense que le durcissement avait commenc\u00e9 d\u00e9j\u00e0 en avril, \u00e0 mon avis, avec le recours aux articles 79 et 95 du code p\u00e9nal, et s\u2019est \u00e9largi \u00e0 toutes les wilayas s\u2019agissant des m\u00eames inculpations, \u00e0 savoir l\u2019atteinte \u00e0 l\u2019int\u00e9grit\u00e9 du territoire national et possession de documents de nature \u00e0 porter atteinte \u00e0 l\u2019unit\u00e9 nationale. L\u2019unification de la qualification des faits reproch\u00e9s aux activistes porte l\u2019empreinte politique. Ce sont des qualifications sujettes \u00e0 controverse que la d\u00e9fense r\u00e9cuse. Pour nous, il s\u2019agit d\u2019un traitement politique du hirak, mais si le parquet est libre de suivre cette voie, puisqu\u2019il rel\u00e8ve du minist\u00e8re public, les juridictions de jugement et les instances d\u2019instruction doivent, en revanche, assumer leur responsabilit\u00e9 parce qu\u2019elles rel\u00e8vent de la magistrature du si\u00e8ge et sont cens\u00e9es \u00eatre ind\u00e9pendantes.<\/span><\/p>\n<p class=\"p3\"><strong><em><span class=\"s1\">Les avocats vont manifester le 24 octobre. Peut-on s\u2019attendre \u00e0 un \u00e9lan similaire de la part des magistrats ?<\/span><\/em><\/strong><\/p>\n<p class=\"p3\"><span class=\"s1\">Honn\u00eatement, je ne peux pas le dire. Jusque-l\u00e0, on n\u2019a pas vu le SNM prendre position par rapport \u00e0 la controverse sur les affaires de l\u2019embl\u00e8me amazigh et les poursuites en g\u00e9n\u00e9ral contre les activistes du hirak, comme Tabbou, Boumala, Belarbi et Bourega\u00e2 et des dizaines d\u2019autres citoyens. Le Syndicat des magistrats observe un silence en contradiction avec les manifestations des magistrats au d\u00e9but du hirak. Ces magistrats, qui ont exprim\u00e9 leur soutien aux revendications du peuple et d\u00e9fendu leur ind\u00e9pendance, sont aujourd\u2019hui instrumentalis\u00e9s pour r\u00e9primer les activistes et casser ce hirak. Au moment o\u00f9 des politiques, des avocats, des journalistes parlent d\u2019utilisation de la justice pour r\u00e9primer le mouvement, le syndicat se mure dans un silence inexplicable, tout autant que le Club des magistrats n\u00e9 dans la foul\u00e9e du hirak. La Constitution souligne dans l\u2019article 157 que \u00able pouvoir judiciaire prot\u00e8ge la soci\u00e9t\u00e9 et les libert\u00e9s. Il garantit, \u00e0 tous et \u00e0 chacun, la sauvegarde de leurs droits fondamentaux.\u00bb Or, le traitement judiciaire des affaires des activit\u00e9s du hirak est en contradiction avec cet article.<span class=\"Apple-converted-space\">\u00a0\u00a0<\/span><\/span><\/p>\n<p><em>Entretien r\u00e9alis\u00e9 par\u00a0<\/em><strong>Nouri Nesrouche<\/strong><\/p>\n<p><span class=\"post-views-label\">Post Views:<\/span> <span class=\"post-views-count\">1\u00a0530<\/span><\/p>\n<p><br class=\"c4\"\/><\/p>\n<p>Auteur: Hicham Chouadria<br \/>\n<a href=\"https:\/\/www.elwatan.com\/edition\/actualite\/me-abdallah-heboul-avocat-le-snm-se-mure-dans-un-silence-inexplicable-22-10-2019\">Cliquez ici pour lire l&rsquo;article depuis sa source.<\/a><\/p>\n","protected":false},"excerpt":{"rendered":"<p>Le collectif de d\u00e9fense des d\u00e9tenus d\u2019opinion parle de l\u2019exception Sidi M\u2019hamed\u00a0; qu\u2019en pensez-vous ? C\u2019est une formulation qui exprime une r\u00e9alit\u00e9 si l\u2019on compare le traitement judiciaire r\u00e9serv\u00e9 aux activistes du hirak \u00e0 Alger et dans les autres wilayas. Prenons l\u2019exemple des affaires de l\u2019embl\u00e8me amazigh. Des citoyens arr\u00eat\u00e9s pour avoir port\u00e9 ce drapeau [&hellip;]<\/p>\n","protected":false},"author":1743,"featured_media":65208,"comment_status":"closed","ping_status":"closed","sticky":false,"template":"","format":"standard","meta":{"fifu_image_url":"","fifu_image_alt":"","footnotes":""},"categories":[73,53],"tags":[],"class_list":["post-65207","post","type-post","status-publish","format-standard","has-post-thumbnail","hentry","category-actualite","category-algerie"],"_links":{"self":[{"href":"https:\/\/linitiative.ca\/International\/wp-json\/wp\/v2\/posts\/65207","targetHints":{"allow":["GET"]}}],"collection":[{"href":"https:\/\/linitiative.ca\/International\/wp-json\/wp\/v2\/posts"}],"about":[{"href":"https:\/\/linitiative.ca\/International\/wp-json\/wp\/v2\/types\/post"}],"author":[{"embeddable":true,"href":"https:\/\/linitiative.ca\/International\/wp-json\/wp\/v2\/users\/1743"}],"replies":[{"embeddable":true,"href":"https:\/\/linitiative.ca\/International\/wp-json\/wp\/v2\/comments?post=65207"}],"version-history":[{"count":0,"href":"https:\/\/linitiative.ca\/International\/wp-json\/wp\/v2\/posts\/65207\/revisions"}],"wp:featuredmedia":[{"embeddable":true,"href":"https:\/\/linitiative.ca\/International\/wp-json\/"}],"wp:attachment":[{"href":"https:\/\/linitiative.ca\/International\/wp-json\/wp\/v2\/media?parent=65207"}],"wp:term":[{"taxonomy":"category","embeddable":true,"href":"https:\/\/linitiative.ca\/International\/wp-json\/wp\/v2\/categories?post=65207"},{"taxonomy":"post_tag","embeddable":true,"href":"https:\/\/linitiative.ca\/International\/wp-json\/wp\/v2\/tags?post=65207"}],"curies":[{"name":"wp","href":"https:\/\/api.w.org\/{rel}","templated":true}]}}