{"id":65209,"date":"2019-10-22T05:25:44","date_gmt":"2019-10-22T09:25:44","guid":{"rendered":"https:\/\/linitiative.ca\/International\/pressions-au-sein-de-lappareil-judiciaire-la-resistance-des-magistrats\/"},"modified":"2019-10-22T05:25:44","modified_gmt":"2019-10-22T09:25:44","slug":"pressions-au-sein-de-lappareil-judiciaire-la-resistance-des-magistrats","status":"publish","type":"post","link":"https:\/\/linitiative.ca\/International\/pressions-au-sein-de-lappareil-judiciaire-la-resistance-des-magistrats\/","title":{"rendered":"Pressions au sein de l\u2019appareil judiciaire : La r\u00e9sistance des magistrats"},"content":{"rendered":"<h4 class=\"title-14\"\/>\n<div class=\"featured_image\"><img width=\"794\" height=\"445\" data-cfsrc=\"https:\/\/www.elwatan.com\/wp-content\/uploads\/2019\/10\/magistrats2-e1571692055263.jpg\" class=\"attachment-post-thumbnail size-post-thumbnail wp-post-image c2\" alt=\"Pressions au sein de l\u2019appareil judiciaire : La r\u00e9sistance des magistrats\" srcset=\"https:\/\/www.elwatan.com\/wp-content\/uploads\/2019\/10\/magistrats2-e1571692055263.jpg 794w, https:\/\/www.elwatan.com\/wp-content\/uploads\/2019\/10\/magistrats2-e1571692055263-300x168.jpg 300w, https:\/\/www.elwatan.com\/wp-content\/uploads\/2019\/10\/magistrats2-e1571692055263-768x430.jpg 768w\" sizes=\"(max-width: 794px) 100vw, 794px\"\/><noscript><\/p>\n<p><img loading=\"lazy\" decoding=\"async\" width=\"794\" height=\"445\" src=\"https:\/\/www.elwatan.com\/wp-content\/uploads\/2019\/10\/magistrats2-e1571692055263.jpg\" class=\"attachment-post-thumbnail size-post-thumbnail wp-post-image\" alt=\"Pressions au sein de l\u2019appareil judiciaire : La r\u00e9sistance des magistrats\" srcset=\"https:\/\/www.elwatan.com\/wp-content\/uploads\/2019\/10\/magistrats2-e1571692055263.jpg 794w, https:\/\/www.elwatan.com\/wp-content\/uploads\/2019\/10\/magistrats2-e1571692055263-300x168.jpg 300w, https:\/\/www.elwatan.com\/wp-content\/uploads\/2019\/10\/magistrats2-e1571692055263-768x430.jpg 768w\" sizes=\"auto, (max-width: 794px) 100vw, 794px\"\/><\/p>\n<p><\/noscript><\/div>\n<p class=\"p1\"><span class=\"s1\"><strong>C<\/strong><\/span>e qui a \u00e9t\u00e9 qualifi\u00e9 de \u00abl\u2019exception Sidi M\u2019hamed\u00bb est-il en train de changer ? En effet, durant cette semaine, les tribunaux de Constantine, El Oued et Ouargla ont eu la main lourde en envoyant en d\u00e9tention provisoire des journalistes et des militants du hirak.<\/p>\n<p class=\"p1\">A croire que le fameux tribunal alg\u00e9rois de Sidi M\u2019hamed ne \u00abjouit\u00bb plus du monopole de cette mesure appliqu\u00e9e quasi syst\u00e9matiquement aux citoyens arr\u00eat\u00e9s dans le cadre du mouvement populaire. Une exception relev\u00e9e et d\u00e9nonc\u00e9e par des avocats, membres du collectif de d\u00e9fense des d\u00e9tenus d\u2019opinion et politiques, lors d\u2019une conf\u00e9rence de presse organis\u00e9e le 7 octobre, au si\u00e8ge de SOS Disparus, par la LADDH.<\/p>\n<p class=\"p2\">Pour illustration, \u00e0 Constantine, la population a \u00e9t\u00e9 surprise par la d\u00e9cision de la cour qui a rejet\u00e9 hier l\u2019appel introduit par les avocats du blogueur Abdelmoundji Khelladi pour sa lib\u00e9ration provisoire. Auparavant, la m\u00eame instance avait accept\u00e9 de lib\u00e9rer trois hirakistes<span class=\"Apple-converted-space\">\u00a0<\/span> constantinois, accus\u00e9s des m\u00eames faits et conform\u00e9ment aux m\u00eames articles de loi ! <em>\u00abOn a l\u2019impression que nous sommes face \u00e0 une justice \u00e0 deux vitesses\u00bb<\/em>, avait d\u00e9clar\u00e9 M<sup>e\u00a0<\/sup>Noureddine Benissad, lors de la conf\u00e9rence cit\u00e9e plus haut.<\/p>\n<p class=\"p2\">Si on peut parler d\u2019un alignement des tribunaux sur le \u00abstyle\u00bb de Sidi M\u2019hamed, est-ce \u00e0 dire que c\u2019est l\u2019effet d\u2019une pression accrue de la part de Zeghmati ? Le ministre suit \u00aben personne\u00bb les proc\u00e9dures qui pr\u00e9c\u00e8dent les d\u00e9cisions des tribunaux, affirme-t-on dans la discr\u00e9tion des couloirs des chambres d\u2019accusation. Au sein de l\u2019opinion publique, la nomination de Belkacem Zeghmati comme ministre de la Justice, garde des Sceaux, le 31 juillet, avait \u00e9t\u00e9 appr\u00e9ci\u00e9e dans la foul\u00e9e de l\u2019op\u00e9ration \u00abmains propres\u00bb visant les pontes de la \u00eessaba, mais a vite vir\u00e9 au d\u00e9senchantement d\u00e8s l\u2019activation de l\u2019appareil judiciaire contre les militants du hirak. Chez les magistrats aussi. Dans ce clair-obscur, quand les avocats du collectif interpellent les juges pour leur demander de <em>\u00abrespecter seulement la loi\u00bb<\/em>, la formule rev\u00eat davantage le sens moral. <em>\u00abJe voudrais rappeler \u00e0 nos fr\u00e8res les juges qu\u2019ils doivent assumer leur responsabilit\u00e9 historique\u00bb<\/em>, lance M<sup>e<\/sup>\u00a0Bouchachi, dans le but d\u2019encourager les magistrats \u00e0 r\u00e9sister \u00e0 la pression du pouvoir.<\/p>\n<p class=\"p2\">Lors des marches organis\u00e9es par le mouvement populaire, on d\u00e9nonce fort depuis des mois l\u2019asservissement de la justice par le pouvoir politique. Mais les choses ne sont pas aussi \u00e9videntes.<\/p>\n<p class=\"p4\"><strong>Rapport de force<\/strong><\/p>\n<p class=\"p2\">La parenth\u00e8se des magistrats qui manifestent dans la foul\u00e9e du hirak pour leur ind\u00e9pendance a certes \u00e9t\u00e9 vite referm\u00e9e, mais est-ce une raison pour condamner en bloc les magistrats ? Des faits et des informations r\u00e9colt\u00e9es depuis le d\u00e9but de la r\u00e9pression du mouvement, notamment avec les proc\u00e8s intent\u00e9s aux porteurs de drapeau berb\u00e8re, indiquent la pr\u00e9sence de poches de r\u00e9sistance qui continuent \u00e0 alimenter au sein de l\u2019appareil judiciaire un rapport de force dont les soubresauts sont maintenus en sourdine. Il serait r\u00e9ducteur de croire que la corporation ob\u00e9it docilement au ministre. Les d\u00e9cisions d\u2019acquittement prises ici et l\u00e0 en faveur de militants du hirak sont autant d\u2019exemples de r\u00e9sistance. La lib\u00e9ration (avant son r\u00e9internement) de Karim Tabbou ou encore l\u2019\u00e9largissement m\u00eame provisoire des militants constantinois vont dans ce sens.<\/p>\n<p class=\"p2\">La position exprim\u00e9e par le Syndicat national des magistrats (SNM), m\u00eame si elle reste insuffisante et orpheline, l\u00e8ve un bout du voile et laisse \u00e9chapper des \u00e9chos de l\u2019atmosph\u00e8re au sein de cette corporation. Le 20 septembre dernier, dans une sortie inattendue, Issaad Mabrouk, pr\u00e9sident du SNM, avait appel\u00e9 les juges \u00e0 <em>\u00abrefuser toute injonction de qui que ce soit\u00bb<\/em> et \u00e0 n\u2019ob\u00e9ir qu\u2019\u00e0 <em>\u00abla loi et \u00e0 votre conscience\u00bb<\/em>, soulignant que <em>\u00abvos d\u00e9cisions sont rendues au nom du peuple qui est la source de tous les pouvoirs\u00bb<\/em>. Cette d\u00e9claration sonnait davantage comme une r\u00e9action \u00e0 la prise en main de plus en plus autoritaire et la volont\u00e9 de reprise de contr\u00f4le affich\u00e9e par le ministre de la Justice. Elle vient aussi soutenir les magistrats qui refusent l\u2019interventionnisme de la tutelle.<\/p>\n<p class=\"p2\">Par causalit\u00e9, le durcissement qui se g\u00e9n\u00e9ralise au sein des tribunaux peut \u00eatre interpr\u00e9t\u00e9 comme le r\u00e9sultat d\u2019une contre-attaque, un tour de vis suppl\u00e9mentaire de l\u2019Ex\u00e9cutif visant les magistrats r\u00e9calcitrants. Vont-ils c\u00e9der ?<\/p>\n<p class=\"p2\">Les magistrats se trouvent pris en tenaille entre un pouvoir politique qui se croit en droit d\u2019instrumentaliser la justice, et une soci\u00e9t\u00e9 qui, appuy\u00e9e par le SNM et la corporation des avocats, leur rappelle qu\u2019ils ne doivent ob\u00e9ir qu\u2019\u00e0 la loi et que la souverainet\u00e9 revient au peuple. Difficile de rester de marbre face \u00e0 cette position d\u00e9terminante pour la cause du peuple.<\/p>\n<p><span class=\"post-views-label\">Post Views:<\/span> <span class=\"post-views-count\">6\u00a0561<\/span><\/p>\n<p><br class=\"c4\"\/><\/p>\n<p>Auteur: Hicham Chouadria<br \/>\n<a href=\"https:\/\/www.elwatan.com\/edition\/actualite\/pressions-au-sein-de-lappareil-judiciaire-la-resistance-des-magistrats-22-10-2019\">Cliquez ici pour lire l&rsquo;article depuis sa source.<\/a><\/p>\n","protected":false},"excerpt":{"rendered":"<p>Ce qui a \u00e9t\u00e9 qualifi\u00e9 de \u00abl\u2019exception Sidi M\u2019hamed\u00bb est-il en train de changer ? En effet, durant cette semaine, les tribunaux de Constantine, El Oued et Ouargla ont eu la main lourde en envoyant en d\u00e9tention provisoire des journalistes et des militants du hirak. A croire que le fameux tribunal alg\u00e9rois de Sidi M\u2019hamed [&hellip;]<\/p>\n","protected":false},"author":1743,"featured_media":65210,"comment_status":"closed","ping_status":"closed","sticky":false,"template":"","format":"standard","meta":{"fifu_image_url":"","fifu_image_alt":"","footnotes":""},"categories":[73,53],"tags":[],"class_list":["post-65209","post","type-post","status-publish","format-standard","has-post-thumbnail","hentry","category-actualite","category-algerie"],"_links":{"self":[{"href":"https:\/\/linitiative.ca\/International\/wp-json\/wp\/v2\/posts\/65209","targetHints":{"allow":["GET"]}}],"collection":[{"href":"https:\/\/linitiative.ca\/International\/wp-json\/wp\/v2\/posts"}],"about":[{"href":"https:\/\/linitiative.ca\/International\/wp-json\/wp\/v2\/types\/post"}],"author":[{"embeddable":true,"href":"https:\/\/linitiative.ca\/International\/wp-json\/wp\/v2\/users\/1743"}],"replies":[{"embeddable":true,"href":"https:\/\/linitiative.ca\/International\/wp-json\/wp\/v2\/comments?post=65209"}],"version-history":[{"count":0,"href":"https:\/\/linitiative.ca\/International\/wp-json\/wp\/v2\/posts\/65209\/revisions"}],"wp:featuredmedia":[{"embeddable":true,"href":"https:\/\/linitiative.ca\/International\/wp-json\/"}],"wp:attachment":[{"href":"https:\/\/linitiative.ca\/International\/wp-json\/wp\/v2\/media?parent=65209"}],"wp:term":[{"taxonomy":"category","embeddable":true,"href":"https:\/\/linitiative.ca\/International\/wp-json\/wp\/v2\/categories?post=65209"},{"taxonomy":"post_tag","embeddable":true,"href":"https:\/\/linitiative.ca\/International\/wp-json\/wp\/v2\/tags?post=65209"}],"curies":[{"name":"wp","href":"https:\/\/api.w.org\/{rel}","templated":true}]}}