{"id":65213,"date":"2019-10-22T07:25:52","date_gmt":"2019-10-22T11:25:52","guid":{"rendered":"https:\/\/linitiative.ca\/International\/35e-mardi-grande-marche-a-alger\/"},"modified":"2019-10-22T07:25:52","modified_gmt":"2019-10-22T11:25:52","slug":"35e-mardi-grande-marche-a-alger","status":"publish","type":"post","link":"https:\/\/linitiative.ca\/International\/35e-mardi-grande-marche-a-alger\/","title":{"rendered":"35e mardi : Grande marche \u00e0 Alger"},"content":{"rendered":"<h4 class=\"title-14\"\/>\n<div class=\"featured_image\"><img width=\"2800\" height=\"1864\" data-cfsrc=\"https:\/\/www.elwatan.com\/wp-content\/uploads\/2019\/10\/\u00e9tudiant.jpg\" class=\"attachment-post-thumbnail size-post-thumbnail wp-post-image c2\" alt=\"\" srcset=\"https:\/\/www.elwatan.com\/wp-content\/uploads\/2019\/10\/\u00e9tudiant.jpg 2800w, https:\/\/www.elwatan.com\/wp-content\/uploads\/2019\/10\/\u00e9tudiant-300x200.jpg 300w, https:\/\/www.elwatan.com\/wp-content\/uploads\/2019\/10\/\u00e9tudiant-768x511.jpg 768w, https:\/\/www.elwatan.com\/wp-content\/uploads\/2019\/10\/\u00e9tudiant-1024x682.jpg 1024w, https:\/\/www.elwatan.com\/wp-content\/uploads\/2019\/10\/\u00e9tudiant-1320x879.jpg 1320w\" sizes=\"(max-width: 2800px) 100vw, 2800px\"\/><noscript><\/p>\n<p><img loading=\"lazy\" decoding=\"async\" width=\"2800\" height=\"1864\" src=\"https:\/\/www.elwatan.com\/wp-content\/uploads\/2019\/10\/%C3%A9tudiant.jpg\" class=\"attachment-post-thumbnail size-post-thumbnail wp-post-image\" alt=\"\" srcset=\"https:\/\/www.elwatan.com\/wp-content\/uploads\/2019\/10\/\u00e9tudiant.jpg 2800w, https:\/\/www.elwatan.com\/wp-content\/uploads\/2019\/10\/\u00e9tudiant-300x200.jpg 300w, https:\/\/www.elwatan.com\/wp-content\/uploads\/2019\/10\/\u00e9tudiant-768x511.jpg 768w, https:\/\/www.elwatan.com\/wp-content\/uploads\/2019\/10\/\u00e9tudiant-1024x682.jpg 1024w, https:\/\/www.elwatan.com\/wp-content\/uploads\/2019\/10\/\u00e9tudiant-1320x879.jpg 1320w\" sizes=\"auto, (max-width: 2800px) 100vw, 2800px\"\/><\/p>\n<p><\/noscript> <span class=\"featured-image-caption\">Photo Sami. K.<\/span><\/div>\n<p>Les \u00e9tudiants d\u2019Alger, soutenus par de nombreux manifestants, ont march\u00e9 en force, aujourd\u2019hui, 35<sup>e<\/sup> mardi de la r\u00e9volution pacifique pour le changement du syst\u00e8me politique.<\/p>\n<p>La marche s\u2019est \u00e9branl\u00e9e vers 10h30 depuis la Place des martyrs, lieu habituel du d\u00e9part, pour atteindre le centre-ville, apr\u00e8s avoir travers\u00e9 Bab Azzoun et la rue Ben Mehidi. Des milliers de manifestants ont d\u2019embl\u00e9e scand\u00e9 des slogans hostiles au pouvoir en place qui s\u2019\u00e9chine \u00e0 imposer par la force sa feuille de route. Les manifestants ont cri\u00e9, \u00e0 qui veut entendre\u00a0 : \u00ab\u00a0Pouvoir assassin\u00a0\u00bb,\u00a0\u00bbmakache le vote!\u00a0\u00bb, \u00ab\u00a0makache intikhabate m3a el 3issabate ( pas d\u2019\u00e9lection avec les gangs)\u00bb ou encore\u00a0\u00ab\u00a0walah mana habssine\u00a0\u00bb, \u00ab\u00a0syst\u00e8me d\u00e9gage\u00a0\u00bb, \u00ab\u00a0rana samidine\u00a0\u00bb (Nous sommes in\u00e9branlables)\u00a0\u00bb.<\/p>\n<blockquote class=\"twitter-tweet\" readability=\"4.20338983051\">\n<p dir=\"ltr\" lang=\"fr\"><a href=\"https:\/\/twitter.com\/hashtag\/Algerie?src=hash&#038;ref_src=twsrc%5Etfw\">#Algerie<\/a> 35e mardi de mobilisation \u00e0 <a href=\"https:\/\/twitter.com\/hashtag\/Alger?src=hash&#038;ref_src=twsrc%5Etfw\">#Alger<\/a> <a href=\"https:\/\/t.co\/MogRNsdu7D\">pic.twitter.com\/MogRNsdu7D<\/a><\/p>\n<p>\u2014 elwatan.com (@elwatancom) <a href=\"https:\/\/twitter.com\/elwatancom\/status\/1186589619187572736?ref_src=twsrc%5Etfw\">October 22, 2019<\/a><\/p>\n<\/blockquote>\n<p>Vers les coups de 11h30, une foule immense a investi la place de l\u2019\u00e9mir Abdelkader. Le lieu, devenu le point de ralliement des manifestants, vibrait sous les chants de \u00ab\u00a0Lib\u00e9rez l\u2019Alg\u00e9rie\u00a0!\u00bb.<\/p>\n<p>En signe de solidarit\u00e9 avec leurs compatriotes d\u00e9tenus d\u2019opinion et dans un contournement inhabituel, un groupe de protestataires, exc\u00e9d\u00e9s par l\u2019arbitraire, a tent\u00e9 d\u2019aller devant le tribunal de Sidi M\u2019hamed o\u00f9 se d\u00e9roule aujourd\u2019hui le proc\u00e8s de six d\u00e9tenus d\u2019opinion. Le dispositif de s\u00e9curit\u00e9 a diligemment emp\u00each\u00e9 cette initiative.<\/p>\n<p>Reprenant leur parcours habituel, l\u2019infatigable communaut\u00e9 estudiantine a scand\u00e9 tout le long de la rue Benhidi \u00a0<em>\u00ab\u00a0La Tebboune la Benflis, cha\u00e2b houa ra\u00efs\u00a0 (Peuple pr\u00e9sident)\u00a0\u00bb<\/em><\/p>\n<p>A la rue Pasteur, le projet de loi sur les hydrocarbures a \u00e9t\u00e9 fortement d\u00e9cri\u00e9. Le mouvement des \u00e9tudiants et des universitaires, ralli\u00e9 par des citoyens ont d\u00e9nonc\u00e9 une fois de plus la \u00ab\u00a0d\u00e9rive\u00a0\u00bb politique que le pouvoir tente de mettre en ex\u00e9cution \u00e0 travers la loi de finances 2020, qualifi\u00e9 de\u00a0\u00ab\u00a0projet de la bande et un danger p\u00e9rilleux pour le pays\u00a0\u00bb. A ce titre, ils ont clam\u00e9 en ch\u0153ur <em>\u00abba3ouha lkhawana!\u00bb<\/em>\u00a0(Les tra\u00eetres ont vendu le pays).<\/p>\n<p><em>\u00ab\u00a0Nous d\u00e9non\u00e7ons avec la plus grande vigueur ce projet de loi qui ouvre la porte grande aux compagnies \u00e9trang\u00e8res pour piller les richesses du pays, car il s\u2019agit de notre avenir et celui des g\u00e9n\u00e9rations futures. Nous sommes d\u00e9termin\u00e9s \u00e0 faire barrage \u00e0 ce projet de loi. Advienne que pourra\u00a0!\u00bb<\/em>,\u00a0a d\u00e9nonc\u00e9 r\u00e9solument au coin d\u2019une rue devenu un lieu de d\u00e9bat, Amine, un jeune \u00e9tudiant en troisi\u00e8me ann\u00e9e \u00e0 l\u2019universit\u00e9\u00a0Benyoucef \u00a0Benkhedda.<\/p>\n<p>L\u2019\u00e9motion a \u00e9t\u00e9 palpable au boulevard Amirouche o\u00f9 les dizaines de milliers de manifestants ont r\u00e9it\u00e9r\u00e9 leur d\u00e9termination \u00e0 boycotter les \u00e9lections du 12 d\u00e9cembre prochain.<\/p>\n<p><em>\u00abmakache el vote, Echa\u00e2b marahouch habess, eddouna kamel lelhabs !\u00bb<\/em>\u00a0(Pas de vote et rien ne nous arr\u00eatera, m\u00eame si vous allez nous mettre tous en prison), scandent les manifestants \u00e0 proximit\u00e9 du si\u00e8ge de la s\u00fbret\u00e9 de la wilaya. En somme, cette 35<sup>e<\/sup> \u00a0marche pacifique des \u00e9tudiants n\u2019a pas d\u00e9rog\u00e9 \u00e0 sa r\u00e8gle fondamentale, le pacifisme. La marche s\u2019est d\u00e9roul\u00e9 dans le calme marqu\u00e9 par une grande \u00a0d\u00e9termination. Les \u00e9tudiants \u00a0semblent d\u00e9cid\u00e9s \u00e0 entretenir la flamme jusqu\u2019au bout.<\/p>\n<p><span class=\"post-views-label\">Post Views:<\/span> <span class=\"post-views-count\">4\u00a0805<\/span><\/p>\n<p><br class=\"c4\"\/><\/p>\n<p>Auteur: Farouk Djouadi<br \/>\n<a href=\"https:\/\/www.elwatan.com\/edition\/actualite\/614225-22-10-2019\">Cliquez ici pour lire l&rsquo;article depuis sa source.<\/a><\/p>\n","protected":false},"excerpt":{"rendered":"<p>Photo Sami. K. Les \u00e9tudiants d\u2019Alger, soutenus par de nombreux manifestants, ont march\u00e9 en force, aujourd\u2019hui, 35e mardi de la r\u00e9volution pacifique pour le changement du syst\u00e8me politique. La marche s\u2019est \u00e9branl\u00e9e vers 10h30 depuis la Place des martyrs, lieu habituel du d\u00e9part, pour atteindre le centre-ville, apr\u00e8s avoir travers\u00e9 Bab Azzoun et la rue [&hellip;]<\/p>\n","protected":false},"author":1743,"featured_media":65214,"comment_status":"closed","ping_status":"closed","sticky":false,"template":"","format":"standard","meta":{"fifu_image_url":"","fifu_image_alt":"","footnotes":""},"categories":[73,53],"tags":[],"class_list":["post-65213","post","type-post","status-publish","format-standard","has-post-thumbnail","hentry","category-actualite","category-algerie"],"_links":{"self":[{"href":"https:\/\/linitiative.ca\/International\/wp-json\/wp\/v2\/posts\/65213","targetHints":{"allow":["GET"]}}],"collection":[{"href":"https:\/\/linitiative.ca\/International\/wp-json\/wp\/v2\/posts"}],"about":[{"href":"https:\/\/linitiative.ca\/International\/wp-json\/wp\/v2\/types\/post"}],"author":[{"embeddable":true,"href":"https:\/\/linitiative.ca\/International\/wp-json\/wp\/v2\/users\/1743"}],"replies":[{"embeddable":true,"href":"https:\/\/linitiative.ca\/International\/wp-json\/wp\/v2\/comments?post=65213"}],"version-history":[{"count":0,"href":"https:\/\/linitiative.ca\/International\/wp-json\/wp\/v2\/posts\/65213\/revisions"}],"wp:featuredmedia":[{"embeddable":true,"href":"https:\/\/linitiative.ca\/International\/wp-json\/"}],"wp:attachment":[{"href":"https:\/\/linitiative.ca\/International\/wp-json\/wp\/v2\/media?parent=65213"}],"wp:term":[{"taxonomy":"category","embeddable":true,"href":"https:\/\/linitiative.ca\/International\/wp-json\/wp\/v2\/categories?post=65213"},{"taxonomy":"post_tag","embeddable":true,"href":"https:\/\/linitiative.ca\/International\/wp-json\/wp\/v2\/tags?post=65213"}],"curies":[{"name":"wp","href":"https:\/\/api.w.org\/{rel}","templated":true}]}}