{"id":65215,"date":"2019-10-22T11:33:32","date_gmt":"2019-10-22T15:33:32","guid":{"rendered":"https:\/\/linitiative.ca\/International\/le-message-fort-de-lakhdar-bouregaa-devant-le-juge-dinstruction\/"},"modified":"2019-10-22T11:33:32","modified_gmt":"2019-10-22T15:33:32","slug":"le-message-fort-de-lakhdar-bouregaa-devant-le-juge-dinstruction","status":"publish","type":"post","link":"https:\/\/linitiative.ca\/International\/le-message-fort-de-lakhdar-bouregaa-devant-le-juge-dinstruction\/","title":{"rendered":"Le message fort de Lakhdar Boureg\u00e2a devant le juge d\u2019instruction"},"content":{"rendered":"<h4 class=\"title-14\"\/>\n<div class=\"featured_image\"><img width=\"656\" height=\"321\" data-cfsrc=\"https:\/\/www.elwatan.com\/wp-content\/uploads\/2019\/10\/Bouregaa-justice.jpg\" class=\"attachment-post-thumbnail size-post-thumbnail wp-post-image c2\" alt=\"\" srcset=\"https:\/\/www.elwatan.com\/wp-content\/uploads\/2019\/10\/Bouregaa-justice.jpg 656w, https:\/\/www.elwatan.com\/wp-content\/uploads\/2019\/10\/Bouregaa-justice-300x147.jpg 300w\" sizes=\"(max-width: 656px) 100vw, 656px\"\/><noscript><\/p>\n<p><img loading=\"lazy\" decoding=\"async\" width=\"656\" height=\"321\" src=\"https:\/\/www.elwatan.com\/wp-content\/uploads\/2019\/10\/Bouregaa-justice.jpg\" class=\"attachment-post-thumbnail size-post-thumbnail wp-post-image\" alt=\"\" srcset=\"https:\/\/www.elwatan.com\/wp-content\/uploads\/2019\/10\/Bouregaa-justice.jpg 656w, https:\/\/www.elwatan.com\/wp-content\/uploads\/2019\/10\/Bouregaa-justice-300x147.jpg 300w\" sizes=\"auto, (max-width: 656px) 100vw, 656px\"\/><\/p>\n<p><\/noscript> <span class=\"featured-image-caption\">Le moudjahid Lakhdar Boureg\u00e2a. Photo : Souil B. El Watan<\/span><\/div>\n<p>Le moudjahid Lakhdar Boureg\u00e2a, en d\u00e9tention \u00e0 la prison d\u2019El Harrach depuis pr\u00e8s de quatre mois, a \u00e9t\u00e9 auditionn\u00e9, aujourd\u2019hui mardi, par le\u00a0 juge d\u2019instruction pr\u00e8s le tribunal de Bir Mourad Rais (Alger). L\u2019ancien combattant de l\u2019ALN, 86 ans, a tenu des propos lourds de sens devant le magistrat instructeur, en pr\u00e9sence d\u2019une quinzaine d\u2019avocats.<\/p>\n<p>\u00ab\u00a0Lakhdar Boureg\u00e2a ( poursuivi pour atteinte au moral de l\u2019arm\u00e9e) a \u00e9t\u00e9 pr\u00e9sent\u00e9 aujourd\u2019hui devant le juge d\u2019instruction pour une audition au fond. Sa derni\u00e8re audition remonte au 30 juin dernier lorsqu\u2019il a \u00e9t\u00e9 plac\u00e9 en d\u00e9tention provisoire. L\u2019audition s\u2019est d\u00e9roul\u00e9e en pr\u00e9sence d\u2019un collectif de d\u00e9fense compos\u00e9 d\u2019une quinzaine d\u2019avocats\u00a0\u00bb, rapporte Me Zoubida Assoul, dans une d\u00e9claration \u00e0 <strong>elwatan.com<\/strong>.<\/p>\n<p>\u00ab\u00a0Le moudjahid Lakhdar Boureg\u00e2a a refus\u00e9 de r\u00e9pondre aux questions du juge d\u2019instruction. Il a dit au juge\u00a0: \u00ab\u00a0Je ne reconnais pas la justice qui \u00e9mane d\u2019un pouvoir ill\u00e9gitime. Je ne reconnais pas la justice qui ob\u00e9it aux injonctions du t\u00e9l\u00e9phone. Je ne suis pas cens\u00e9 \u00eatre devant vous aujourd\u2019hui, car je n\u2019ai fait qu\u2019exprimer mon point de vue\u00a0\u00bb, a ajout\u00e9 Me Zoubida Assoul, en pr\u00e9cisant que \u00ab\u00a0M. Boureg\u00e2\u00e2 a refus\u00e9 de signer le PV de l\u2019audition\u00a0\u00bb.<\/p>\n<p>L\u2019avocate a expliqu\u00e9 que la d\u00e9tention provisoire de Boureg\u00e2a expire le 30 octobre, la dur\u00e9e l\u00e9gale de la d\u00e9tention provisoire est de 4 mois renouvelable une seule fois. Le juge d\u2019instruction peut, d\u2019ici le 30 octobre, renouveler la d\u00e9tention provisoire, \u00a0transf\u00e9rer l\u2019affaire devant le tribunal correctionnel comme il peut prononcer un non lieu et lib\u00e9rer le d\u00e9tenu.\u00bb. A l\u2019issue de son audition, l\u2019ancien\u00a0 moudjahid Boureg\u00e2\u00e2 est transf\u00e9r\u00e9 \u00e0 la prison d\u2019El Harrach tout comme, Samir Benarbi, un autre d\u00e9tenu d\u2019opinion, qui a \u00e9t\u00e9 auditionn\u00e9 aujourd\u2019hui. Benlarbi a r\u00e9pondu \u00e0 toutes les questions du juge d\u2019instruction, selon l\u2019avocate.<\/p>\n<p>Me <a href=\"https:\/\/www.elwatan.com\/edition\/actualite\/zoubida-assoul-presidente-du-parti-lunion-pour-le-changement-et-le-progres-ucp-le-drapeau-amazigh-nest-pas-en-competition-avec-lembleme-national-28-06-2019\">Zoubida Assoul<\/a>, \u00e9galement pr\u00e9sidente du parti politique l\u2019Union pour le changement et le progr\u00e8s (UCP), a d\u00e9clar\u00e9 que\u00a0: \u00ab\u00a0le droit du citoyen \u00e0 la libert\u00e9 d\u2019expression, garanti par la Constitution, n\u2019est pas respect\u00e9 en Alg\u00e9rie. Les personnes qui expriment des positions oppos\u00e9es \u00e0 celles du pouvoir sont sujettes \u00e0 des poursuites farfelues \u00bb.<\/p>\n<p><span class=\"post-views-label\">Post Views:<\/span> <span class=\"post-views-count\">8\u00a0430<\/span><\/p>\n<p><br class=\"c4\"\/><\/p>\n<p>Auteur: Farouk Djouadi<br \/>\n<a href=\"https:\/\/www.elwatan.com\/edition\/actualite\/le-message-fort-de-lakhdar-bouregaa-devant-le-juge-dinstruction-22-10-2019\">Cliquez ici pour lire l&rsquo;article depuis sa source.<\/a><\/p>\n","protected":false},"excerpt":{"rendered":"<p>Le moudjahid Lakhdar Boureg\u00e2a. Photo : Souil B. El Watan Le moudjahid Lakhdar Boureg\u00e2a, en d\u00e9tention \u00e0 la prison d\u2019El Harrach depuis pr\u00e8s de quatre mois, a \u00e9t\u00e9 auditionn\u00e9, aujourd\u2019hui mardi, par le\u00a0 juge d\u2019instruction pr\u00e8s le tribunal de Bir Mourad Rais (Alger). L\u2019ancien combattant de l\u2019ALN, 86 ans, a tenu des propos lourds de [&hellip;]<\/p>\n","protected":false},"author":1743,"featured_media":65216,"comment_status":"closed","ping_status":"closed","sticky":false,"template":"","format":"standard","meta":{"fifu_image_url":"","fifu_image_alt":"","footnotes":""},"categories":[73,53],"tags":[],"class_list":["post-65215","post","type-post","status-publish","format-standard","has-post-thumbnail","hentry","category-actualite","category-algerie"],"_links":{"self":[{"href":"https:\/\/linitiative.ca\/International\/wp-json\/wp\/v2\/posts\/65215","targetHints":{"allow":["GET"]}}],"collection":[{"href":"https:\/\/linitiative.ca\/International\/wp-json\/wp\/v2\/posts"}],"about":[{"href":"https:\/\/linitiative.ca\/International\/wp-json\/wp\/v2\/types\/post"}],"author":[{"embeddable":true,"href":"https:\/\/linitiative.ca\/International\/wp-json\/wp\/v2\/users\/1743"}],"replies":[{"embeddable":true,"href":"https:\/\/linitiative.ca\/International\/wp-json\/wp\/v2\/comments?post=65215"}],"version-history":[{"count":0,"href":"https:\/\/linitiative.ca\/International\/wp-json\/wp\/v2\/posts\/65215\/revisions"}],"wp:featuredmedia":[{"embeddable":true,"href":"https:\/\/linitiative.ca\/International\/wp-json\/"}],"wp:attachment":[{"href":"https:\/\/linitiative.ca\/International\/wp-json\/wp\/v2\/media?parent=65215"}],"wp:term":[{"taxonomy":"category","embeddable":true,"href":"https:\/\/linitiative.ca\/International\/wp-json\/wp\/v2\/categories?post=65215"},{"taxonomy":"post_tag","embeddable":true,"href":"https:\/\/linitiative.ca\/International\/wp-json\/wp\/v2\/tags?post=65215"}],"curies":[{"name":"wp","href":"https:\/\/api.w.org\/{rel}","templated":true}]}}