{"id":65220,"date":"2019-10-22T14:31:00","date_gmt":"2019-10-22T18:31:00","guid":{"rendered":"https:\/\/linitiative.ca\/International\/le-palais-des-sports-de-tunis-se-porte-bien-merci\/"},"modified":"2019-10-22T14:31:00","modified_gmt":"2019-10-22T18:31:00","slug":"le-palais-des-sports-de-tunis-se-porte-bien-merci","status":"publish","type":"post","link":"https:\/\/linitiative.ca\/International\/le-palais-des-sports-de-tunis-se-porte-bien-merci\/","title":{"rendered":"Le palais des sports de Tunis se porte bien, merci"},"content":{"rendered":"<p>Plus de peur que de mal. Malgr\u00e9 l\u2019incendie qui avait d\u00e9vast\u00e9 l\u2019un de ses d\u00e9p\u00f4ts la veille, le palais des sports de Tunis est fin pr\u00eat pour les comp\u00e9titions qui auront lieu dans le courant du mois de janvier 2020 dans le cadre de la Coupe d\u2019Afrique des nations en Handball. \u00abEl Kobba\u00bb comme on la d\u00e9signe a \u00e9t\u00e9 construite en 1966 en m\u00eame temps que le stade et la piscine pour abriter les comp\u00e9titions des jeux m\u00e9diterran\u00e9ens de 1967. Depuis, tout en restant fid\u00e8le \u00e0 sa vocation, cette salle mythique abrite jusqu\u2019\u00e0 aujourd\u2019hui, un grand nombre de manifestations artistiques ( les deux galas de Om Kalthoum en 1968 sont rest\u00e9es dans la m\u00e9moire), politiques et m\u00eame religieuses (avec le sinistre Gh\u00e9nim) sous la tro\u00efka.<\/p>\n<p>Cette cit\u00e9 sportive, la premi\u00e8re \u00e9difi\u00e9e sur la rive sud de la m\u00e9diterran\u00e9e n&rsquo;aura rien co\u00fbt\u00e9 au contribuable tunisien, puisqu&rsquo;elle a \u00e9t\u00e9 r\u00e9alis\u00e9e dans le cadre d\u2019une op\u00e9ration de troc avec la Bulgarie comme c&rsquo;\u00e9tait souvent le cas avec les d\u00e9mocraties populaires avant la chute de l&rsquo;ex Union sovi\u00e9tique ( moyennant quelques centaines de tonnes d&rsquo;agrumes).\u00a0<\/p>\n<p>Auteur:<br \/>\n<a href=\"https:\/\/www.leaders.com.tn\/article\/28248-le-palais-des-sports-de-tunis-se-porte-bien-merci\">Cliquez ici pour lire l&rsquo;article depuis sa source.<\/a><\/p>\n","protected":false},"excerpt":{"rendered":"<p>Plus de peur que de mal. Malgr\u00e9 l\u2019incendie qui avait d\u00e9vast\u00e9 l\u2019un de ses d\u00e9p\u00f4ts la veille, le palais des sports de Tunis est fin pr\u00eat pour les comp\u00e9titions qui auront lieu dans le courant du mois de janvier 2020 dans le cadre de la Coupe d\u2019Afrique des nations en Handball. \u00abEl Kobba\u00bb comme on [&hellip;]<\/p>\n","protected":false},"author":1772,"featured_media":0,"comment_status":"closed","ping_status":"closed","sticky":false,"template":"","format":"standard","meta":{"fifu_image_url":"","fifu_image_alt":"","footnotes":""},"categories":[73,55],"tags":[],"class_list":["post-65220","post","type-post","status-publish","format-standard","hentry","category-actualite","category-tunisie"],"_links":{"self":[{"href":"https:\/\/linitiative.ca\/International\/wp-json\/wp\/v2\/posts\/65220","targetHints":{"allow":["GET"]}}],"collection":[{"href":"https:\/\/linitiative.ca\/International\/wp-json\/wp\/v2\/posts"}],"about":[{"href":"https:\/\/linitiative.ca\/International\/wp-json\/wp\/v2\/types\/post"}],"author":[{"embeddable":true,"href":"https:\/\/linitiative.ca\/International\/wp-json\/wp\/v2\/users\/1772"}],"replies":[{"embeddable":true,"href":"https:\/\/linitiative.ca\/International\/wp-json\/wp\/v2\/comments?post=65220"}],"version-history":[{"count":0,"href":"https:\/\/linitiative.ca\/International\/wp-json\/wp\/v2\/posts\/65220\/revisions"}],"wp:attachment":[{"href":"https:\/\/linitiative.ca\/International\/wp-json\/wp\/v2\/media?parent=65220"}],"wp:term":[{"taxonomy":"category","embeddable":true,"href":"https:\/\/linitiative.ca\/International\/wp-json\/wp\/v2\/categories?post=65220"},{"taxonomy":"post_tag","embeddable":true,"href":"https:\/\/linitiative.ca\/International\/wp-json\/wp\/v2\/tags?post=65220"}],"curies":[{"name":"wp","href":"https:\/\/api.w.org\/{rel}","templated":true}]}}