{"id":65221,"date":"2019-10-22T14:55:00","date_gmt":"2019-10-22T18:55:00","guid":{"rendered":"https:\/\/linitiative.ca\/International\/topnet-et-le-syndicat-des-pharmaciens-dofficine-de-tunisie-signent-un-partenariat-technologique\/"},"modified":"2019-10-22T14:55:00","modified_gmt":"2019-10-22T18:55:00","slug":"topnet-et-le-syndicat-des-pharmaciens-dofficine-de-tunisie-signent-un-partenariat-technologique","status":"publish","type":"post","link":"https:\/\/linitiative.ca\/International\/topnet-et-le-syndicat-des-pharmaciens-dofficine-de-tunisie-signent-un-partenariat-technologique\/","title":{"rendered":"TOPNET et le Syndicat des Pharmaciens d\u2019Officine de Tunisie signent un partenariat technologique"},"content":{"rendered":"<p>En marge de la troisi\u00e8me \u00e9dition du forum de l\u2019officine qui s\u2019est tenu le 18 et 19 Octobre au Parc des Expositions du Kram \u00e0 Tunis ; TOPNET et le Syndicat des Pharmaciens d\u2019Officine de Tunisie (S.P.O.T) viennent d\u2019annoncer la signature d\u2019un accord de partenariat technologique.<\/p>\n<p class=\"c2\"><img decoding=\"async\" src=\"\/uploads\/FCK_files\/Sans-titre-80.jpg\" width=\"100%\" vspace=\"5\" hspace=\"5\" align=\"middle\" alt=\"\"\/><\/p>\n<p>Cet accord sign\u00e9 durant les conf\u00e9rences et workshops ayant pour th\u00e8me \u00ab L\u2019officine, exigences d\u2019\u00e9volution \u00bb en pr\u00e9sence de la Directrice G\u00e9n\u00e9rale de TOPNET, Madame Rym Akremi Ben Dhief, et du Pr\u00e9sident du S.P.O.T, Monsieur Mustapha Laroussi.<\/p>\n<p>Ce partenariat stipule un accompagnement sp\u00e9cifique pour une utilisation efficace du tr\u00e8s haut d\u00e9bit jusqu\u2019\u00e0 100 M\u00e9ga (VDSL ou Fibres optiques), des solutions de sauvegarde de donn\u00e9es en mode Cloud ainsi que des solutions de s\u00e9curit\u00e9 et de communications unifi\u00e9es cl\u00e9 en main avec des co\u00fbts maitris\u00e9s.<\/p>\n<p>Par ailleurs cet accord permettra \u00e0 la S.P.O.T d\u2019encourager la modernisation du domaine de la sant\u00e9 en Tunisie par les nouvelles technologies, de mieux f\u00e9d\u00e9rer les membres de la pharmacie d\u2019officine et d\u2019interconnecter les officines des pays du Maghreb et de l\u2019Afrique pour un meilleur \u00e9change scientifique.<br \/>\u00a0<\/p>\n<p>Auteur:<br \/>\n<a href=\"https:\/\/www.leaders.com.tn\/article\/28249-topnet-et-le-syndicat-des-pharmaciens-d-officine-de-tunisie-signent-un-partenariat-technologique\">Cliquez ici pour lire l&rsquo;article depuis sa source.<\/a><\/p>\n","protected":false},"excerpt":{"rendered":"<p>En marge de la troisi\u00e8me \u00e9dition du forum de l\u2019officine qui s\u2019est tenu le 18 et 19 Octobre au Parc des Expositions du Kram \u00e0 Tunis ; TOPNET et le Syndicat des Pharmaciens d\u2019Officine de Tunisie (S.P.O.T) viennent d\u2019annoncer la signature d\u2019un accord de partenariat technologique. Cet accord sign\u00e9 durant les conf\u00e9rences et workshops ayant [&hellip;]<\/p>\n","protected":false},"author":1772,"featured_media":65222,"comment_status":"closed","ping_status":"closed","sticky":false,"template":"","format":"standard","meta":{"fifu_image_url":"","fifu_image_alt":"","footnotes":""},"categories":[73,55],"tags":[],"class_list":["post-65221","post","type-post","status-publish","format-standard","has-post-thumbnail","hentry","category-actualite","category-tunisie"],"_links":{"self":[{"href":"https:\/\/linitiative.ca\/International\/wp-json\/wp\/v2\/posts\/65221","targetHints":{"allow":["GET"]}}],"collection":[{"href":"https:\/\/linitiative.ca\/International\/wp-json\/wp\/v2\/posts"}],"about":[{"href":"https:\/\/linitiative.ca\/International\/wp-json\/wp\/v2\/types\/post"}],"author":[{"embeddable":true,"href":"https:\/\/linitiative.ca\/International\/wp-json\/wp\/v2\/users\/1772"}],"replies":[{"embeddable":true,"href":"https:\/\/linitiative.ca\/International\/wp-json\/wp\/v2\/comments?post=65221"}],"version-history":[{"count":0,"href":"https:\/\/linitiative.ca\/International\/wp-json\/wp\/v2\/posts\/65221\/revisions"}],"wp:featuredmedia":[{"embeddable":true,"href":"https:\/\/linitiative.ca\/International\/wp-json\/"}],"wp:attachment":[{"href":"https:\/\/linitiative.ca\/International\/wp-json\/wp\/v2\/media?parent=65221"}],"wp:term":[{"taxonomy":"category","embeddable":true,"href":"https:\/\/linitiative.ca\/International\/wp-json\/wp\/v2\/categories?post=65221"},{"taxonomy":"post_tag","embeddable":true,"href":"https:\/\/linitiative.ca\/International\/wp-json\/wp\/v2\/tags?post=65221"}],"curies":[{"name":"wp","href":"https:\/\/api.w.org\/{rel}","templated":true}]}}