{"id":65224,"date":"2019-10-22T06:00:00","date_gmt":"2019-10-22T10:00:00","guid":{"rendered":"https:\/\/linitiative.ca\/International\/revoir-le-systeme-de-retraite-de-la-casnos\/"},"modified":"2019-10-22T06:00:00","modified_gmt":"2019-10-22T10:00:00","slug":"revoir-le-systeme-de-retraite-de-la-casnos","status":"publish","type":"post","link":"https:\/\/linitiative.ca\/International\/revoir-le-systeme-de-retraite-de-la-casnos\/","title":{"rendered":"Revoir le syst\u00e8me de retraite de la Casnos"},"content":{"rendered":"<p>Comme toujours, merci infiniment \u00e0 toute l&rsquo;\u00e9quipe du Soir d&rsquo;Alg\u00e9rie, ces humanitaires soucieux de cette mis\u00e8re humaine. Au sujet de ces pauvres retrait\u00e9s qui n&rsquo;ont pas toujours raison.<br \/>Ce gouvernement, ces ministres, ces directeurs g\u00e9n\u00e9raux qui les m\u00e9connaissent et qui les frappent, les pi\u00e9tinent, avec toute l&rsquo;humiliation et qui se pr\u00e9tendent de ces hommes d\u00e9cideurs justes et int\u00e8gres. Compte tenu de ce qui pr\u00e9c\u00e8de, j&rsquo;expose ce vandalisme social, ce vol l\u00e9galis\u00e9 par la l\u00e9gislation de la Casnos, cette l\u00e9gislation qui stipule 15 ann\u00e9es de cotisations pour pouvoir pr\u00e9tendre \u00e0 une pension de retraite sans doute d\u00e9risoire. Et encore le plus d\u00e9cevant, le plus inadmissible, injuste et d\u00e9loyal jusqu&rsquo;\u00e0 dire vol flagrant, car dans tout r\u00e9gime de s\u00e9curit\u00e9 sociale il y a \u00abretraite compl\u00e8te\u00bb et \u00aballocation de retraite\u00bb qui sont attribu\u00e9es en fonction des ann\u00e9es cotis\u00e9es. Comme aussi sous d&rsquo;autres cieux, il existe la retraite au taux complet et la retraite au taux r\u00e9duit. Devant ces faits, ce d\u00e9ni de droits et ces lois abusives envers les adh\u00e9rents aupr\u00e8s de cette caisse en question.<br \/>Personnellement, je vous saurais gr\u00e9, messieurs, des dispositions que vous jugeriez utiles de prendre et qui m\u00e8neraient \u2014 comme tous les adh\u00e9rents aupr\u00e8s de votre organisme l&rsquo;esp\u00e8rent \u2014, \u00e0 une suite juste et loisible.<\/p>\n<p><strong>N. B. :<\/strong> un peuple analphab\u00e8te fait la force de son gouvernement et les retrait\u00e9s analphab\u00e8tes font la force des gestionnaires de ces caisses. Mais un autoritaire n&rsquo;a pas de concurrent \u00e0 sa taille tant que le peuple ne rel\u00e8ve pas le d\u00e9fi. Pour votre bonne attention pour toute la raison, toute la sagesse et toute la justice sociale. Salutations cordiales.<br \/>S. Belhout<\/p>\n<p>Auteur:<br \/>\n<a href=\"https:\/\/www.lesoirdalgerie.com\/retraite\/revoir-le-systeme-de-retraite-de-la-casnos-32260\">Cliquez ici pour lire l&rsquo;article depuis sa source.<\/a><\/p>\n","protected":false},"excerpt":{"rendered":"<p>Comme toujours, merci infiniment \u00e0 toute l&rsquo;\u00e9quipe du Soir d&rsquo;Alg\u00e9rie, ces humanitaires soucieux de cette mis\u00e8re humaine. Au sujet de ces pauvres retrait\u00e9s qui n&rsquo;ont pas toujours raison.Ce gouvernement, ces ministres, ces directeurs g\u00e9n\u00e9raux qui les m\u00e9connaissent et qui les frappent, les pi\u00e9tinent, avec toute l&rsquo;humiliation et qui se pr\u00e9tendent de ces hommes d\u00e9cideurs justes [&hellip;]<\/p>\n","protected":false},"author":1741,"featured_media":0,"comment_status":"closed","ping_status":"closed","sticky":false,"template":"","format":"standard","meta":{"fifu_image_url":"","fifu_image_alt":"","footnotes":""},"categories":[73,53],"tags":[],"class_list":["post-65224","post","type-post","status-publish","format-standard","hentry","category-actualite","category-algerie"],"_links":{"self":[{"href":"https:\/\/linitiative.ca\/International\/wp-json\/wp\/v2\/posts\/65224","targetHints":{"allow":["GET"]}}],"collection":[{"href":"https:\/\/linitiative.ca\/International\/wp-json\/wp\/v2\/posts"}],"about":[{"href":"https:\/\/linitiative.ca\/International\/wp-json\/wp\/v2\/types\/post"}],"author":[{"embeddable":true,"href":"https:\/\/linitiative.ca\/International\/wp-json\/wp\/v2\/users\/1741"}],"replies":[{"embeddable":true,"href":"https:\/\/linitiative.ca\/International\/wp-json\/wp\/v2\/comments?post=65224"}],"version-history":[{"count":0,"href":"https:\/\/linitiative.ca\/International\/wp-json\/wp\/v2\/posts\/65224\/revisions"}],"wp:attachment":[{"href":"https:\/\/linitiative.ca\/International\/wp-json\/wp\/v2\/media?parent=65224"}],"wp:term":[{"taxonomy":"category","embeddable":true,"href":"https:\/\/linitiative.ca\/International\/wp-json\/wp\/v2\/categories?post=65224"},{"taxonomy":"post_tag","embeddable":true,"href":"https:\/\/linitiative.ca\/International\/wp-json\/wp\/v2\/tags?post=65224"}],"curies":[{"name":"wp","href":"https:\/\/api.w.org\/{rel}","templated":true}]}}