{"id":65228,"date":"2019-10-22T06:00:00","date_gmt":"2019-10-22T10:00:00","guid":{"rendered":"https:\/\/linitiative.ca\/International\/et-pendant-ce-temps-la\/"},"modified":"2019-10-22T06:00:00","modified_gmt":"2019-10-22T10:00:00","slug":"et-pendant-ce-temps-la","status":"publish","type":"post","link":"https:\/\/linitiative.ca\/International\/et-pendant-ce-temps-la\/","title":{"rendered":"Et pendant ce temps-l\u00e0\u2026"},"content":{"rendered":"<p>Enfin une mesure d\u2019apaisement\u2026<\/p>\n<p><strong>\u2026 Rivotril et Diaz\u00e9pam disponibles sur le march\u00e9 !<br \/><\/strong><br \/>Oui ! Pendant ce temps-l\u00e0, elles fondent ! Elles fondent inexorablement. Et le r\u00e9chauffement climatique n\u2019y est pour rien, m\u00eame si eux souhaiteraient ardemment mettre cette fonte sur le dos du climat et de cette l\u00e2che bougresse de couche d\u2019ozone m\u00eame pas capable de r\u00e9sister aux particules de gaz. Les r\u00e9serves de change fondent et nous commentons les tribulations d\u2019un indu occupant squattant un immeuble de luxe \u00e0 Neuilly-sur-Seine, en plein c\u0153ur luxueux de Paris ! Au passage, je signale juste aux juges qui enferment des leaders politiques, des femmes et des hommes de l\u2019opposition, au pr\u00e9texte qu\u2019ils font dans\u2026 l\u2019opposition, qui embastillent des \u00e9tudiantes et des \u00e9tudiants au motif qu\u2019ils sont jeunes et frais \u2013 un d\u00e9lit en autocratie \u2014 qui mettent derri\u00e8re les barreaux des \u00ab ichachra \u00bb, des enfants, \u00e0 tous ces honorables magistrats, je signale donc et souligne un fait t\u00eatu : le Drabki a affirm\u00e9 noir sur blanc que s\u2019il est convoqu\u00e9 par la justice, il ne se pr\u00e9sentera jamais devant elle. Le gugusse fait un pied-de-nez \u00e0 la loi, celle qui est cens\u00e9e \u00eatre au-dessus de tous les Alg\u00e9riens, m\u00eame ceux qui sirotent leur caf\u00e9 \u00e0 Barb\u00e8s pour le payer moins cher qu\u2019\u00e0 Neuilly. Et ? Et rien ! Le grigou dit haut et fort \u00ab j\u2019emmerde la R\u00e9publique et ses lois \u00bb et\u2026 walou ! Mais vous voyez comment nous sommes ? Les r\u00e9serves de change ont encore fondu depuis le d\u00e9but de cette chronique, et nous sommes l\u00e0, les yeux riv\u00e9s sur un pompiste devenu citerne \u00e0 fric ! Incorrigibles ! Et bient\u00f4t, des incorrigibles qui vont s\u2019entretuer devant les \u00e9piceries du pays pour un litre de mauvais lait \u00e9mirati. Parce qu\u2019il est l\u00e0 l\u2019enjeu : la fonte ne s\u2019arr\u00eate pas ! Et vendre le sous-sol n\u2019y suffira m\u00eame plus. Pr\u00e9parons-nous \u00e0 pire. Vendre nos sous-v\u00eatements et aller ensuite nous disputer les feuilles de vigne, pour ceux qui essaieront encore de dissimuler leurs restes de dignit\u00e9 ! Je fume du th\u00e9 et je reste \u00e9veill\u00e9, le cauchemar continue.<br \/>H. L.<\/p>\n<p>Auteur:<br \/>\n<a href=\"https:\/\/www.lesoirdalgerie.com\/pousse-avec-eux\/et-pendant-ce-temps-la-32256\">Cliquez ici pour lire l&rsquo;article depuis sa source.<\/a><\/p>\n","protected":false},"excerpt":{"rendered":"<p>Enfin une mesure d\u2019apaisement\u2026 \u2026 Rivotril et Diaz\u00e9pam disponibles sur le march\u00e9 !Oui ! Pendant ce temps-l\u00e0, elles fondent ! Elles fondent inexorablement. Et le r\u00e9chauffement climatique n\u2019y est pour rien, m\u00eame si eux souhaiteraient ardemment mettre cette fonte sur le dos du climat et de cette l\u00e2che bougresse de couche d\u2019ozone m\u00eame pas capable [&hellip;]<\/p>\n","protected":false},"author":1741,"featured_media":0,"comment_status":"closed","ping_status":"closed","sticky":false,"template":"","format":"standard","meta":{"fifu_image_url":"","fifu_image_alt":"","footnotes":""},"categories":[73,53],"tags":[],"class_list":["post-65228","post","type-post","status-publish","format-standard","hentry","category-actualite","category-algerie"],"_links":{"self":[{"href":"https:\/\/linitiative.ca\/International\/wp-json\/wp\/v2\/posts\/65228","targetHints":{"allow":["GET"]}}],"collection":[{"href":"https:\/\/linitiative.ca\/International\/wp-json\/wp\/v2\/posts"}],"about":[{"href":"https:\/\/linitiative.ca\/International\/wp-json\/wp\/v2\/types\/post"}],"author":[{"embeddable":true,"href":"https:\/\/linitiative.ca\/International\/wp-json\/wp\/v2\/users\/1741"}],"replies":[{"embeddable":true,"href":"https:\/\/linitiative.ca\/International\/wp-json\/wp\/v2\/comments?post=65228"}],"version-history":[{"count":0,"href":"https:\/\/linitiative.ca\/International\/wp-json\/wp\/v2\/posts\/65228\/revisions"}],"wp:attachment":[{"href":"https:\/\/linitiative.ca\/International\/wp-json\/wp\/v2\/media?parent=65228"}],"wp:term":[{"taxonomy":"category","embeddable":true,"href":"https:\/\/linitiative.ca\/International\/wp-json\/wp\/v2\/categories?post=65228"},{"taxonomy":"post_tag","embeddable":true,"href":"https:\/\/linitiative.ca\/International\/wp-json\/wp\/v2\/tags?post=65228"}],"curies":[{"name":"wp","href":"https:\/\/api.w.org\/{rel}","templated":true}]}}