{"id":65229,"date":"2019-10-22T09:42:10","date_gmt":"2019-10-22T13:42:10","guid":{"rendered":"https:\/\/linitiative.ca\/International\/zones-franches-la-fin-de-lexoneration\/"},"modified":"2019-10-22T09:42:10","modified_gmt":"2019-10-22T13:42:10","slug":"zones-franches-la-fin-de-lexoneration","status":"publish","type":"post","link":"https:\/\/linitiative.ca\/International\/zones-franches-la-fin-de-lexoneration\/","title":{"rendered":"Zones franches : la fin de l\u2019exon\u00e9ration ?"},"content":{"rendered":"<p><strong>Parmi les dispositions contenues dans le projet de Loi de Finances 2020 figurent les exon\u00e9rations suivies de l\u2019imposition temporaire aux taux r\u00e9duits pour les entreprises industrielles install\u00e9es dans des zones franches.<\/strong><\/p>\n<div class=\"c10\"\/>\n<p>Dans l\u2019objectif de lutter contre l\u2019\u00e9vasion fiscale, le PLF 2020 pr\u00e9voit un ensemble de mesures pour en finir avec les exon\u00e9rations dont b\u00e9n\u00e9ficient les entreprises implant\u00e9es dans les zones franches. Le PLF propose ainsi de changer l\u2019appellation de ces zones qui devient \u00ab\u00a0<strong>Zone d\u2019acc\u00e9l\u00e9ration industrielle<\/strong>\u00ab\u00a0.<\/p>\n<p>En vertu de ces modifications, apr\u00e8s 5 ann\u00e9es d\u2019exon\u00e9ration, des taxes de 15% pour l\u2019IS et de 20% pour l\u2019IR seront appliqu\u00e9es aux entreprises exer\u00e7ant dans ces zones, sans prendre en consid\u00e9ration le chiffre d\u2019affaires local ou \u00e0 l\u2019exportation. Il faut noter par ailleurs que cette p\u00e9riode n\u2019est plus accord\u00e9e qu\u2019aux entreprises ayant entam\u00e9 le b\u00e9n\u00e9fice de cet avantage avant 2020 ; l\u2019<strong>exon\u00e9ration quinquennale<\/strong> pour les entreprises exportatrices cr\u00e9\u00e9es \u00e0 partir de 2020 a \u00e9t\u00e9 annul\u00e9e.<\/p>\n<p>Lire aussi : <a href=\"https:\/\/www.challenge.ma\/plf2020-la-promotion-de-linvestissement-et-lappuie-a-lentreprise-priorises-120729\/\">PLF2020 : La promotion de l\u2019investissement et l\u2019appui \u00e0 l\u2019entreprise prioris\u00e9s<\/a><\/p>\n<p>Ces entreprises b\u00e9n\u00e9ficient \u00e9galement de l\u2019imposition au taux pr\u00e9vu \u00e0 l\u2019article 19-II-A (voir PLF 2020) pour les 20 exercices cons\u00e9cutifs suivants. L\u2019exon\u00e9ration et l\u2019<strong>imposition<\/strong> au taux r\u00e9duit pr\u00e9cit\u00e9 s\u2019appliquent \u00e9galement aux op\u00e9rations r\u00e9alis\u00e9es entre les entreprises install\u00e9es dans la m\u00eame zone d\u2019exportation et entre les entreprises install\u00e9es dans diff\u00e9rentes zones d\u2019exportation.<\/p>\n<p>D\u2019autre part, le taux de la cotisation minimale (0,75% du chiffre d\u2019affaires) sera diminu\u00e9 \u00e0 0,5%. Les entreprises d\u00e9ficitaires avant amortissement pendant deux ann\u00e9es cons\u00e9cutives en dehors de la p\u00e9riode d\u2019exon\u00e9ration de la cotisation minimale, seront tax\u00e9es \u00e0 0,75% \u00e0 compter du 3e exercice. Les entit\u00e9s r\u00e9alisant un r\u00e9sultat d\u00e9ficitaire uniquement \u00e0 cause des amortissements paieront 0,5% d\u2019imp\u00f4ts.<\/p>\n<p>Lire aussi : <a href=\"http:\/\/%20https:\/\/www.challenge.ma\/plf-2020-le-document-integral-120679\/\">PLF 2020 : Le document int\u00e9gral<\/a><\/p>\n<p>Rappelons que les zones franches d\u2019exportation (ZFE), institu\u00e9es par la loi 19-94 (dahir n\u00b01-95-1 du 26 janvier 1995), sont des espaces d\u00e9termin\u00e9s du territoire douanier o\u00f9 sont autoris\u00e9es, en dispense de la r\u00e9glementation douani\u00e8re, du contr\u00f4le du commerce ext\u00e9rieur et des changes, toutes activit\u00e9s exportatrices \u00e0 vocation industrielle ou commerciale, ainsi que les activit\u00e9s de service li\u00e9es. Chaque zone est cr\u00e9\u00e9e et d\u00e9limit\u00e9e par un d\u00e9cret qui fixe la nature et les activit\u00e9s des entreprises pouvant s\u2019y implanter.<\/p>\n<div class=\"c17\">\n<fieldset class=\"c16\">\n<legend><strong><span class=\"c11\">Challenge<\/span><span class=\"c12\">news<\/span><\/strong><\/legend>\n<div class=\"c15\">Le meilleur de la r\u00e9daction s\u00e9lectionn\u00e9 par Challenge :<\/p>\n<\/div>\n<\/fieldset>\n<\/div>\n<p>Auteur: Hassan Manyani<br \/>\n<a href=\"https:\/\/www.challenge.ma\/zones-franches-la-fin-de-lexoneration-121068\/\">Cliquez ici pour lire l&rsquo;article depuis sa source.<\/a><\/p>\n","protected":false},"excerpt":{"rendered":"<p>Parmi les dispositions contenues dans le projet de Loi de Finances 2020 figurent les exon\u00e9rations suivies de l\u2019imposition temporaire aux taux r\u00e9duits pour les entreprises industrielles install\u00e9es dans des zones franches. Dans l\u2019objectif de lutter contre l\u2019\u00e9vasion fiscale, le PLF 2020 pr\u00e9voit un ensemble de mesures pour en finir avec les exon\u00e9rations dont b\u00e9n\u00e9ficient les [&hellip;]<\/p>\n","protected":false},"author":1787,"featured_media":0,"comment_status":"closed","ping_status":"closed","sticky":false,"template":"","format":"standard","meta":{"fifu_image_url":"","fifu_image_alt":"","footnotes":""},"categories":[78,54],"tags":[],"class_list":["post-65229","post","type-post","status-publish","format-standard","hentry","category-economie","category-maroc"],"_links":{"self":[{"href":"https:\/\/linitiative.ca\/International\/wp-json\/wp\/v2\/posts\/65229","targetHints":{"allow":["GET"]}}],"collection":[{"href":"https:\/\/linitiative.ca\/International\/wp-json\/wp\/v2\/posts"}],"about":[{"href":"https:\/\/linitiative.ca\/International\/wp-json\/wp\/v2\/types\/post"}],"author":[{"embeddable":true,"href":"https:\/\/linitiative.ca\/International\/wp-json\/wp\/v2\/users\/1787"}],"replies":[{"embeddable":true,"href":"https:\/\/linitiative.ca\/International\/wp-json\/wp\/v2\/comments?post=65229"}],"version-history":[{"count":0,"href":"https:\/\/linitiative.ca\/International\/wp-json\/wp\/v2\/posts\/65229\/revisions"}],"wp:attachment":[{"href":"https:\/\/linitiative.ca\/International\/wp-json\/wp\/v2\/media?parent=65229"}],"wp:term":[{"taxonomy":"category","embeddable":true,"href":"https:\/\/linitiative.ca\/International\/wp-json\/wp\/v2\/categories?post=65229"},{"taxonomy":"post_tag","embeddable":true,"href":"https:\/\/linitiative.ca\/International\/wp-json\/wp\/v2\/tags?post=65229"}],"curies":[{"name":"wp","href":"https:\/\/api.w.org\/{rel}","templated":true}]}}