{"id":65230,"date":"2019-10-22T10:55:36","date_gmt":"2019-10-22T14:55:36","guid":{"rendered":"https:\/\/linitiative.ca\/International\/raja-contre-raja-changement-dhoraire-de-la-rencontre\/"},"modified":"2019-10-22T10:55:36","modified_gmt":"2019-10-22T14:55:36","slug":"raja-contre-raja-changement-dhoraire-de-la-rencontre","status":"publish","type":"post","link":"https:\/\/linitiative.ca\/International\/raja-contre-raja-changement-dhoraire-de-la-rencontre\/","title":{"rendered":"Raja contre Raja : changement d\u2019horaire de la rencontre"},"content":{"rendered":"<p><strong>Le Raja de Casablanca sera de retour dans le championnat professionnel ce jeudi, o\u00f9 il rencontrera le Raja de Beni Mellal dans un match report\u00e9 pour le premier tour de la Botola Pro au complexe sportif Mohammed V de Casablanca.<\/strong><\/p>\n<div class=\"c10\"\/>\n<p>Il a \u00e9t\u00e9 d\u00e9cid\u00e9 donc de changer le calendrier de cette rencontre de 19h00 \u00e0 17h00 comme annonc\u00e9 sur la page officielle du club vert.<\/p>\n<div class=\"wp-block-embed__wrapper\">\n<div class=\"fb-post\" data-href=\"https:\/\/www.facebook.com\/RajaClubAthleticOfficiel\/photos\/a.430311310359471\/2660978903959356\/?type=3&#038;theater\" data-width=\"750\">\n<blockquote cite=\"https:\/\/www.facebook.com\/RajaClubAthleticOfficiel\/photos\/a.430311310359471\/2660978903959356\/?type=3\" class=\"fb-xfbml-parse-ignore\">\n<p>\ud83d\udd70Match update : The first day of Botola Pro against Raja Beni Mellal will kick off at 5\u20e3pmGet now your online ticket \ud83d\udcb3\ud83d\udc47https:\/\/bit.ly\/2PgkW7p#DimaRaja<\/p>\n<p>Publi\u00e9e par <a href=\"https:\/\/www.facebook.com\/RajaClubAthleticOfficiel\/\">Raja Club Athletic<\/a> sur\u00a0<a href=\"https:\/\/www.facebook.com\/RajaClubAthleticOfficiel\/photos\/a.430311310359471\/2660978903959356\/?type=3\">Mardi 22 octobre 2019<\/a><\/p><\/blockquote>\n<\/div>\n<\/div>\n<p>Selon le site \u00ab\u00a0Al Botola\u00a0\u00bb, la Soci\u00e9t\u00e9 nationale de radio et de t\u00e9l\u00e9vision (SNRT) a refus\u00e9 de programmer le match jeudi \u00e0 19h00, en raison de la synchronisation du match entre Difa\u00e2 Hassani d\u2019El Jadida et Chabab Atlas Kh\u00e9nifra.<\/p>\n<p>Cette rencontre vient apr\u00e8s une longue absence de la Botola Pro, qui est maintenant en quatri\u00e8me tour sans que le Raja de Casablanca joue encore aucun match.<\/p>\n<p>La participation du Raja \u00e0 la Ligue africaine des champions et \u00e0 la Coupe des champions Mohammed VI a report\u00e9 ses matchs de la saison en cours. Quatre matchs seront disput\u00e9s ces 15 prochains jours, avant de jouer avec le Wydad lors du match aller du 16\u00e8me tour de la Coupe des champions Mohammed VI.<\/p>\n<p>Rappelons que la derni\u00e8re apparition des aigles verts dans la Botola remonte au mois de juin, lorsqu\u2019il a vaincu le Difa\u00e2 Hassani d\u2019El Jadida \u00e0 la fin de la comp\u00e9tition, il y a 130 jours.<\/p>\n<div class=\"c17\">\n<fieldset class=\"c16\">\n<legend><strong><span class=\"c11\">Challenge<\/span><span class=\"c12\">news<\/span><\/strong><\/legend>\n<div class=\"c15\">Le meilleur de la r\u00e9daction s\u00e9lectionn\u00e9 par Challenge :<\/p>\n<\/div>\n<\/fieldset>\n<\/div>\n<p>Auteur: Hajar DARI<br \/>\n<a href=\"https:\/\/www.challenge.ma\/raja-de-casablanca-raja-de-beni-mellal-changement-dhoraire-de-la-rencontre-121054\/\">Cliquez ici pour lire l&rsquo;article depuis sa source.<\/a><\/p>\n","protected":false},"excerpt":{"rendered":"<p>Le Raja de Casablanca sera de retour dans le championnat professionnel ce jeudi, o\u00f9 il rencontrera le Raja de Beni Mellal dans un match report\u00e9 pour le premier tour de la Botola Pro au complexe sportif Mohammed V de Casablanca. Il a \u00e9t\u00e9 d\u00e9cid\u00e9 donc de changer le calendrier de cette rencontre de 19h00 \u00e0 [&hellip;]<\/p>\n","protected":false},"author":1787,"featured_media":0,"comment_status":"closed","ping_status":"closed","sticky":false,"template":"","format":"standard","meta":{"fifu_image_url":"","fifu_image_alt":"","footnotes":""},"categories":[78,54],"tags":[],"class_list":["post-65230","post","type-post","status-publish","format-standard","hentry","category-economie","category-maroc"],"_links":{"self":[{"href":"https:\/\/linitiative.ca\/International\/wp-json\/wp\/v2\/posts\/65230","targetHints":{"allow":["GET"]}}],"collection":[{"href":"https:\/\/linitiative.ca\/International\/wp-json\/wp\/v2\/posts"}],"about":[{"href":"https:\/\/linitiative.ca\/International\/wp-json\/wp\/v2\/types\/post"}],"author":[{"embeddable":true,"href":"https:\/\/linitiative.ca\/International\/wp-json\/wp\/v2\/users\/1787"}],"replies":[{"embeddable":true,"href":"https:\/\/linitiative.ca\/International\/wp-json\/wp\/v2\/comments?post=65230"}],"version-history":[{"count":0,"href":"https:\/\/linitiative.ca\/International\/wp-json\/wp\/v2\/posts\/65230\/revisions"}],"wp:attachment":[{"href":"https:\/\/linitiative.ca\/International\/wp-json\/wp\/v2\/media?parent=65230"}],"wp:term":[{"taxonomy":"category","embeddable":true,"href":"https:\/\/linitiative.ca\/International\/wp-json\/wp\/v2\/categories?post=65230"},{"taxonomy":"post_tag","embeddable":true,"href":"https:\/\/linitiative.ca\/International\/wp-json\/wp\/v2\/tags?post=65230"}],"curies":[{"name":"wp","href":"https:\/\/api.w.org\/{rel}","templated":true}]}}