{"id":65231,"date":"2019-10-22T12:01:42","date_gmt":"2019-10-22T16:01:42","guid":{"rendered":"https:\/\/linitiative.ca\/International\/entrepreneuriat-un-fonds-dappui-de-6-milliards-de-dh-en-gestation\/"},"modified":"2019-10-22T12:01:42","modified_gmt":"2019-10-22T16:01:42","slug":"entrepreneuriat-un-fonds-dappui-de-6-milliards-de-dh-en-gestation","status":"publish","type":"post","link":"https:\/\/linitiative.ca\/International\/entrepreneuriat-un-fonds-dappui-de-6-milliards-de-dh-en-gestation\/","title":{"rendered":"Entrepreneuriat : un fonds d\u2019appui de 6 milliards de DH en gestation"},"content":{"rendered":"<p><strong>Ce fonds a \u00e9t\u00e9 cr\u00e9\u00e9 en application aux Hautes Orientations de SM le Roi Mohammed VI contenues dans son discours \u00e0 l\u2019ouverture de l\u2019actuelle session du Parlement.<\/strong><\/p>\n<div class=\"c10\"\/>\n<p>Il s\u2019agit de l\u2019une des nouvelles mesures du projet de loi de finances (PLF) 2020. Elle concerne la cr\u00e9ation du compte d\u2019affectation sp\u00e9ciale intitul\u00e9 \u00ab\u00a0<strong>Fonds d\u2019appui au financement de l\u2019entrepreneuriat<\/strong>\u00a0\u00bb dot\u00e9 de 6 milliards de DH sur une dur\u00e9e de 3 ans et ce, dans le cadre d\u2019un partenariat entre l\u2019Etat, Bank Al-Maghrib et le Groupement professionnel des banques du Maroc (GPBM).<\/p>\n<p>Ce fonds sera principalement destin\u00e9 \u00e0 soutenir les jeunes dipl\u00f4m\u00e9s en leur facilitant l\u2019acc\u00e8s aux pr\u00eats bancaires pour financer leurs projets, \u00e0 appuyer les petites et moyennes entreprises (PME) op\u00e9rant dans le domaine de l\u2019export, notamment vers l\u2019Afrique, et \u00e0 permettre une meilleure int\u00e9gration professionnelle et \u00e9conomique des travailleurs du secteur informel.<\/p>\n<p>Lire aussi : <a href=\"https:\/\/www.challenge.ma\/plf-2020-le-document-integral-120679\/\" target=\"_blank\" rel=\"noreferrer noopener\" aria-label=\"PLF 2020 : Le document int\u00e9gral (s\u2019ouvre dans un nouvel onglet)\">PLF 2020 : Le document int\u00e9gral<\/a><\/p>\n<p>Le <strong>projet de loi de finances<\/strong> propose \u00e9galement un ensemble de mesures visant \u00e0 soutenir l\u2019investissement et \u00e0 r\u00e9duire la pression fiscale sur les entreprises. Il ram\u00e8ne par exemple le taux marginal de l\u2019IS pour les entreprises industrielles de 31% \u00e0 28% au titre de leur chiffre d\u2019affaires local.<\/p>\n<div class=\"c17\">\n<fieldset class=\"c16\">\n<legend><strong><span class=\"c11\">Challenge<\/span><span class=\"c12\">news<\/span><\/strong><\/legend>\n<div class=\"c15\">Le meilleur de la r\u00e9daction s\u00e9lectionn\u00e9 par Challenge :<\/p>\n<\/div>\n<\/fieldset>\n<\/div>\n<p>Auteur: challenge<br \/>\n<a href=\"https:\/\/www.challenge.ma\/entrepreneuriat-un-fonds-dappui-de-6-milliards-de-dh-en-gestation-121067\/\">Cliquez ici pour lire l&rsquo;article depuis sa source.<\/a><\/p>\n","protected":false},"excerpt":{"rendered":"<p>Ce fonds a \u00e9t\u00e9 cr\u00e9\u00e9 en application aux Hautes Orientations de SM le Roi Mohammed VI contenues dans son discours \u00e0 l\u2019ouverture de l\u2019actuelle session du Parlement. Il s\u2019agit de l\u2019une des nouvelles mesures du projet de loi de finances (PLF) 2020. Elle concerne la cr\u00e9ation du compte d\u2019affectation sp\u00e9ciale intitul\u00e9 \u00ab\u00a0Fonds d\u2019appui au financement [&hellip;]<\/p>\n","protected":false},"author":1787,"featured_media":0,"comment_status":"closed","ping_status":"closed","sticky":false,"template":"","format":"standard","meta":{"fifu_image_url":"","fifu_image_alt":"","footnotes":""},"categories":[78,54],"tags":[],"class_list":["post-65231","post","type-post","status-publish","format-standard","hentry","category-economie","category-maroc"],"_links":{"self":[{"href":"https:\/\/linitiative.ca\/International\/wp-json\/wp\/v2\/posts\/65231","targetHints":{"allow":["GET"]}}],"collection":[{"href":"https:\/\/linitiative.ca\/International\/wp-json\/wp\/v2\/posts"}],"about":[{"href":"https:\/\/linitiative.ca\/International\/wp-json\/wp\/v2\/types\/post"}],"author":[{"embeddable":true,"href":"https:\/\/linitiative.ca\/International\/wp-json\/wp\/v2\/users\/1787"}],"replies":[{"embeddable":true,"href":"https:\/\/linitiative.ca\/International\/wp-json\/wp\/v2\/comments?post=65231"}],"version-history":[{"count":0,"href":"https:\/\/linitiative.ca\/International\/wp-json\/wp\/v2\/posts\/65231\/revisions"}],"wp:attachment":[{"href":"https:\/\/linitiative.ca\/International\/wp-json\/wp\/v2\/media?parent=65231"}],"wp:term":[{"taxonomy":"category","embeddable":true,"href":"https:\/\/linitiative.ca\/International\/wp-json\/wp\/v2\/categories?post=65231"},{"taxonomy":"post_tag","embeddable":true,"href":"https:\/\/linitiative.ca\/International\/wp-json\/wp\/v2\/tags?post=65231"}],"curies":[{"name":"wp","href":"https:\/\/api.w.org\/{rel}","templated":true}]}}