{"id":65232,"date":"2019-10-22T12:45:31","date_gmt":"2019-10-22T16:45:31","guid":{"rendered":"https:\/\/linitiative.ca\/International\/mohamed-arrouchi-representant-permanent-du-maroc-a-lua\/"},"modified":"2019-10-22T12:45:31","modified_gmt":"2019-10-22T16:45:31","slug":"mohamed-arrouchi-representant-permanent-du-maroc-a-lua","status":"publish","type":"post","link":"https:\/\/linitiative.ca\/International\/mohamed-arrouchi-representant-permanent-du-maroc-a-lua\/","title":{"rendered":"Mohamed Arrouchi, Repr\u00e9sentant permanent du Maroc \u00e0 l\u2019UA"},"content":{"rendered":"<p><strong>Le Maroc a sign\u00e9, mardi \u00e0 Addis-Abeba, le trait\u00e9 portant cr\u00e9ation de l\u2019Agence Africaine du M\u00e9dicament (AMA) en tant qu\u2019agence sp\u00e9cialis\u00e9e de l\u2019Union africaine.<\/strong><\/p>\n<div class=\"c10\"\/>\n<p>Le trait\u00e9 a \u00e9t\u00e9 sign\u00e9 par l\u2019Ambassadeur Repr\u00e9sentant Permanent du Royaume aupr\u00e8s de l\u2019Union africaine et de la CEA-ONU, Mohammed Arrouchi, en pr\u00e9sence de l\u2019Ambassadeur Namira Negm, directrice du bureau du conseiller juridique du Pr\u00e9sident de la Commission de l\u2019Union africaine. La signature de ce trait\u00e9 rapproche le Maroc encore plus des instruments juridiques de l\u2019Union africaine et s\u2019inscrit en parfaite ligne droite avec son leadership et sa notori\u00e9t\u00e9 en mati\u00e8re de production des produits pharmaceutiques en Afrique, a soulign\u00e9 Arrouchi.<\/p>\n<p>L\u2019adh\u00e9sion du Royaume en faveur de la ratification du trait\u00e9 relatif \u00e0 la cr\u00e9ation de l\u2019AMA, adopt\u00e9 lors du sommet de l\u2019Union africaine, tenu f\u00e9vrier dernier \u00e0 Addis-Abeba, s\u2019inscrit dans le cadre de l\u2019engagement du Maroc en faveur de l\u2019int\u00e9gration et le d\u00e9veloppement de l\u2019industrie pharmaceutique en Afrique, a relev\u00e9 le diplomate marocain lors de la c\u00e9r\u00e9monie de signature de ce trait\u00e9.<\/p>\n<p>\u00abLe Maroc fait partie des pays les plus structur\u00e9s au niveau de l\u2019industrie pharmaceutique en Afrique. Nous esp\u00e9rons qu\u2019avec cette Agence, les entreprises africaines des m\u00e9dicaments deviendront tr\u00e8s comp\u00e9titives en mati\u00e8re de production des m\u00e9dicaments tant au niveau qualit\u00e9 que quantit\u00e9, sur le Continent, ce qui devrait permettre au citoyen africain un meilleur acc\u00e8s \u00e0 ces produits vitaux\u00bb, a soutenu le Repr\u00e9sentant permanent du Royaume aupr\u00e8s de l\u2019UA et de la CEA-ONU.<\/p>\n<p>L\u2019objectif principal de l\u2019AMA est l\u2019am\u00e9lioration des capacit\u00e9s des Etats membres et des Communaut\u00e9 \u00e9conomiques r\u00e9gionales \u00e0 r\u00e9glementer les produits m\u00e9dicaux en vue d\u2019am\u00e9liorer l\u2019acc\u00e8s \u00e0 des produits m\u00e9dicaux efficace et de faciliter l\u2019harmonisation de la r\u00e9glementation des m\u00e9dicaments afin d\u2019atteindre des normes internationalement acceptables.<\/p>\n<div class=\"c17\">\n<fieldset class=\"c16\">\n<legend><strong><span class=\"c11\">Challenge<\/span><span class=\"c12\">news<\/span><\/strong><\/legend>\n<div class=\"c15\">Le meilleur de la r\u00e9daction s\u00e9lectionn\u00e9 par Challenge :<\/p>\n<\/div>\n<\/fieldset>\n<\/div>\n<p>Auteur: challenge<br \/>\n<a href=\"https:\/\/www.challenge.ma\/mohamed-arrouchi-representant-permanent-du-maroc-a-lua-121090\/\">Cliquez ici pour lire l&rsquo;article depuis sa source.<\/a><\/p>\n","protected":false},"excerpt":{"rendered":"<p>Le Maroc a sign\u00e9, mardi \u00e0 Addis-Abeba, le trait\u00e9 portant cr\u00e9ation de l\u2019Agence Africaine du M\u00e9dicament (AMA) en tant qu\u2019agence sp\u00e9cialis\u00e9e de l\u2019Union africaine. Le trait\u00e9 a \u00e9t\u00e9 sign\u00e9 par l\u2019Ambassadeur Repr\u00e9sentant Permanent du Royaume aupr\u00e8s de l\u2019Union africaine et de la CEA-ONU, Mohammed Arrouchi, en pr\u00e9sence de l\u2019Ambassadeur Namira Negm, directrice du bureau du [&hellip;]<\/p>\n","protected":false},"author":1787,"featured_media":0,"comment_status":"closed","ping_status":"closed","sticky":false,"template":"","format":"standard","meta":{"fifu_image_url":"","fifu_image_alt":"","footnotes":""},"categories":[78,54],"tags":[],"class_list":["post-65232","post","type-post","status-publish","format-standard","hentry","category-economie","category-maroc"],"_links":{"self":[{"href":"https:\/\/linitiative.ca\/International\/wp-json\/wp\/v2\/posts\/65232","targetHints":{"allow":["GET"]}}],"collection":[{"href":"https:\/\/linitiative.ca\/International\/wp-json\/wp\/v2\/posts"}],"about":[{"href":"https:\/\/linitiative.ca\/International\/wp-json\/wp\/v2\/types\/post"}],"author":[{"embeddable":true,"href":"https:\/\/linitiative.ca\/International\/wp-json\/wp\/v2\/users\/1787"}],"replies":[{"embeddable":true,"href":"https:\/\/linitiative.ca\/International\/wp-json\/wp\/v2\/comments?post=65232"}],"version-history":[{"count":0,"href":"https:\/\/linitiative.ca\/International\/wp-json\/wp\/v2\/posts\/65232\/revisions"}],"wp:attachment":[{"href":"https:\/\/linitiative.ca\/International\/wp-json\/wp\/v2\/media?parent=65232"}],"wp:term":[{"taxonomy":"category","embeddable":true,"href":"https:\/\/linitiative.ca\/International\/wp-json\/wp\/v2\/categories?post=65232"},{"taxonomy":"post_tag","embeddable":true,"href":"https:\/\/linitiative.ca\/International\/wp-json\/wp\/v2\/tags?post=65232"}],"curies":[{"name":"wp","href":"https:\/\/api.w.org\/{rel}","templated":true}]}}