{"id":65237,"date":"2019-10-22T15:18:04","date_gmt":"2019-10-22T19:18:04","guid":{"rendered":"https:\/\/linitiative.ca\/International\/71-millions-deuros-de-paris-pour-des-projets-integrateurs-de-la-cemac\/"},"modified":"2019-10-22T15:18:04","modified_gmt":"2019-10-22T19:18:04","slug":"71-millions-deuros-de-paris-pour-des-projets-integrateurs-de-la-cemac","status":"publish","type":"post","link":"https:\/\/linitiative.ca\/International\/71-millions-deuros-de-paris-pour-des-projets-integrateurs-de-la-cemac\/","title":{"rendered":"71 millions d\u2019euros de Paris pour des projets int\u00e9grateurs de la Cemac"},"content":{"rendered":"<div readability=\"32\">\n<p>Publi\u00e9 le 22.10.2019 \u00e0 20h18 par APA News<\/p>\n<\/div>\n<div readability=\"47\">\n<p>La Banque d\u00e9veloppement des Etats de l\u2019Afrique centrale (BDEAC) a b\u00e9n\u00e9fici\u00e9 d\u2019une aide financi\u00e8re de 71 millions d\u2019euros de la France pour des projets int\u00e9grateurs de la Communaut\u00e9 \u00e9conomique et mon\u00e9taire de l\u2019Afrique centrale (Cemac), annonce mardi un communiqu\u00e9 de la BDEAC.Cette aide financi\u00e8re fait suite \u00e0 un accord sign\u00e9 r\u00e9cemment entre la BDEAC et la Commission de la Cemac qui permet aux aides fran\u00e7aises d\u2019\u00eatre directement vir\u00e9es dans ses comptes.<\/p>\n<p>\u00ab Avant la signature de cet accord, l\u2019aide fran\u00e7aise \u00e9tait vers\u00e9e directement sur le compte de la Communaut\u00e9 \u00e9conomique et mon\u00e9taire de l\u2019Afrique centrale (Cemac) \u00bb, explique ce communiqu\u00e9<\/p>\n<p>Cet accord va permettre \u00e0 la BDAEC de recevoir un montant additionnel de six millions d\u2019euros, en plus de soixante-cinq millions initialement mobilis\u00e9s pour le financement des projets int\u00e9grateurs.<\/p>\n<\/div>\n<p>Auteur: APA News<br \/>\n<a href=\"https:\/\/www.journalducameroun.com\/71-millions-deuros-de-paris-pour-des-projets-integrateurs-de-la-cemac\/\">Cliquez ici pour lire l&rsquo;article depuis sa source.<\/a><\/p>\n","protected":false},"excerpt":{"rendered":"<p>Publi\u00e9 le 22.10.2019 \u00e0 20h18 par APA News La Banque d\u00e9veloppement des Etats de l\u2019Afrique centrale (BDEAC) a b\u00e9n\u00e9fici\u00e9 d\u2019une aide financi\u00e8re de 71 millions d\u2019euros de la France pour des projets int\u00e9grateurs de la Communaut\u00e9 \u00e9conomique et mon\u00e9taire de l\u2019Afrique centrale (Cemac), annonce mardi un communiqu\u00e9 de la BDEAC.Cette aide financi\u00e8re fait suite \u00e0 [&hellip;]<\/p>\n","protected":false},"author":1965,"featured_media":0,"comment_status":"closed","ping_status":"closed","sticky":false,"template":"","format":"standard","meta":{"fifu_image_url":"","fifu_image_alt":"","footnotes":""},"categories":[73,82],"tags":[],"class_list":["post-65237","post","type-post","status-publish","format-standard","hentry","category-actualite","category-cameroun"],"_links":{"self":[{"href":"https:\/\/linitiative.ca\/International\/wp-json\/wp\/v2\/posts\/65237","targetHints":{"allow":["GET"]}}],"collection":[{"href":"https:\/\/linitiative.ca\/International\/wp-json\/wp\/v2\/posts"}],"about":[{"href":"https:\/\/linitiative.ca\/International\/wp-json\/wp\/v2\/types\/post"}],"author":[{"embeddable":true,"href":"https:\/\/linitiative.ca\/International\/wp-json\/wp\/v2\/users\/1965"}],"replies":[{"embeddable":true,"href":"https:\/\/linitiative.ca\/International\/wp-json\/wp\/v2\/comments?post=65237"}],"version-history":[{"count":0,"href":"https:\/\/linitiative.ca\/International\/wp-json\/wp\/v2\/posts\/65237\/revisions"}],"wp:attachment":[{"href":"https:\/\/linitiative.ca\/International\/wp-json\/wp\/v2\/media?parent=65237"}],"wp:term":[{"taxonomy":"category","embeddable":true,"href":"https:\/\/linitiative.ca\/International\/wp-json\/wp\/v2\/categories?post=65237"},{"taxonomy":"post_tag","embeddable":true,"href":"https:\/\/linitiative.ca\/International\/wp-json\/wp\/v2\/tags?post=65237"}],"curies":[{"name":"wp","href":"https:\/\/api.w.org\/{rel}","templated":true}]}}