{"id":65238,"date":"2019-10-22T15:18:07","date_gmt":"2019-10-22T19:18:07","guid":{"rendered":"https:\/\/linitiative.ca\/International\/le-botswana-secoue-par-des-allegations-de-financement-du-terrorisme\/"},"modified":"2019-10-22T15:18:07","modified_gmt":"2019-10-22T19:18:07","slug":"le-botswana-secoue-par-des-allegations-de-financement-du-terrorisme","status":"publish","type":"post","link":"https:\/\/linitiative.ca\/International\/le-botswana-secoue-par-des-allegations-de-financement-du-terrorisme\/","title":{"rendered":"Le Botswana secou\u00e9 par des all\u00e9gations de financement du terrorisme"},"content":{"rendered":"<div readability=\"32\">\n<p>Publi\u00e9 le 22.10.2019 \u00e0 20h18 par APA News<\/p>\n<\/div>\n<div readability=\"53\">\n<p>Le Botswana est secou\u00e9 par des all\u00e9gations de financement du terrorisme quelques heures avant la tenue des \u00e9lections g\u00e9n\u00e9rales qui s\u2019annoncent serr\u00e9es dans ce pays riche en diamants, a appris APA mardi.Welheminah Mphoeng Maswabi, ancienne employ\u00e9e de la Direction des services de renseignement et de s\u00e9curit\u00e9 (DIS), qui a demand\u00e9 au tribunal de ne pas la placer en d\u00e9tention provisoire, aurait facilit\u00e9 la commission d\u2019un acte de terrorisme en transf\u00e9rant 250.000 dollars \u00e0 l\u2019ancien directeur de la DIS, Isaac Seabelo Kgosi qui, le 15 janvier 2019, avait menac\u00e9 de commettre des actes de terrorisme contre le Botswana.<\/p>\n<p>Mme Maswabi a r\u00e9cemment comparu devant la Haute Cour de Gaborone, mais l\u2019affaire a \u00e9t\u00e9 jug\u00e9e \u00e0 huis clos. Elle est \u00e9galement accus\u00e9e de faux et usage de faux et possession pr\u00e9sum\u00e9e de plusieurs passeports. Elle compara\u00eetra devant le tribunal le 29 octobre.<\/p>\n<p>L\u2019accusation a soutenu que l\u2019affaire devrait \u00eatre report\u00e9e jusqu\u2019\u00e0 ce que les dossiers n\u00e9cessaires soient disponibles.<\/p>\n<p>La partie civile a d\u00e9clar\u00e9 qu\u2019il faudrait lui donner le temps d\u2019\u00e9valuer les conditions de la mise en libert\u00e9 sous caution.<\/p>\n<\/div>\n<p>Auteur: APA News<br \/>\n<a href=\"https:\/\/www.journalducameroun.com\/le-botswana-secoue-par-des-allegations-de-financement-du-terrorisme\/\">Cliquez ici pour lire l&rsquo;article depuis sa source.<\/a><\/p>\n","protected":false},"excerpt":{"rendered":"<p>Publi\u00e9 le 22.10.2019 \u00e0 20h18 par APA News Le Botswana est secou\u00e9 par des all\u00e9gations de financement du terrorisme quelques heures avant la tenue des \u00e9lections g\u00e9n\u00e9rales qui s\u2019annoncent serr\u00e9es dans ce pays riche en diamants, a appris APA mardi.Welheminah Mphoeng Maswabi, ancienne employ\u00e9e de la Direction des services de renseignement et de s\u00e9curit\u00e9 (DIS), [&hellip;]<\/p>\n","protected":false},"author":1965,"featured_media":0,"comment_status":"closed","ping_status":"closed","sticky":false,"template":"","format":"standard","meta":{"fifu_image_url":"","fifu_image_alt":"","footnotes":""},"categories":[73,82],"tags":[],"class_list":["post-65238","post","type-post","status-publish","format-standard","hentry","category-actualite","category-cameroun"],"_links":{"self":[{"href":"https:\/\/linitiative.ca\/International\/wp-json\/wp\/v2\/posts\/65238","targetHints":{"allow":["GET"]}}],"collection":[{"href":"https:\/\/linitiative.ca\/International\/wp-json\/wp\/v2\/posts"}],"about":[{"href":"https:\/\/linitiative.ca\/International\/wp-json\/wp\/v2\/types\/post"}],"author":[{"embeddable":true,"href":"https:\/\/linitiative.ca\/International\/wp-json\/wp\/v2\/users\/1965"}],"replies":[{"embeddable":true,"href":"https:\/\/linitiative.ca\/International\/wp-json\/wp\/v2\/comments?post=65238"}],"version-history":[{"count":0,"href":"https:\/\/linitiative.ca\/International\/wp-json\/wp\/v2\/posts\/65238\/revisions"}],"wp:attachment":[{"href":"https:\/\/linitiative.ca\/International\/wp-json\/wp\/v2\/media?parent=65238"}],"wp:term":[{"taxonomy":"category","embeddable":true,"href":"https:\/\/linitiative.ca\/International\/wp-json\/wp\/v2\/categories?post=65238"},{"taxonomy":"post_tag","embeddable":true,"href":"https:\/\/linitiative.ca\/International\/wp-json\/wp\/v2\/tags?post=65238"}],"curies":[{"name":"wp","href":"https:\/\/api.w.org\/{rel}","templated":true}]}}