{"id":65239,"date":"2019-10-22T15:18:09","date_gmt":"2019-10-22T19:18:09","guid":{"rendered":"https:\/\/linitiative.ca\/International\/ethiopie-rien-ne-peut-empecher-la-construction-du-grand-barrage-de-la-renaissance-pm\/"},"modified":"2019-10-22T15:18:09","modified_gmt":"2019-10-22T19:18:09","slug":"ethiopie-rien-ne-peut-empecher-la-construction-du-grand-barrage-de-la-renaissance-pm","status":"publish","type":"post","link":"https:\/\/linitiative.ca\/International\/ethiopie-rien-ne-peut-empecher-la-construction-du-grand-barrage-de-la-renaissance-pm\/","title":{"rendered":"Ethiopie : \u00ab Rien ne peut emp\u00eacher la construction du Grand barrage de la Renaissance \u00bb (Pm)"},"content":{"rendered":"<div readability=\"32\">\n<p>Publi\u00e9 le 22.10.2019 \u00e0 20h18 par APA News<\/p>\n<\/div>\n<div readability=\"55\">\n<p>Le Premier ministre Dr Abiy Ahmed, a d\u00e9clar\u00e9, mardi, que rien ne peut emp\u00eacher l\u2019Ethiopie de construire le barrage de la Renaissance (GERD).\u00ab Le projet GERD sera r\u00e9alis\u00e9 selon les principes de la sauvegarde des droits et des avantages de l\u2019\u00c9thiopie, des connaissances scientifiques et sans nuire aux pays en aval \u00bb, a d\u00e9clar\u00e9 le Premier ministre qui r\u00e9pondait aux questions des d\u00e9put\u00e9s.<\/p>\n<p>\u00ab Les \u00c9thiopiens n\u2019ont pas l\u2019intention de nuire au peuple \u00e9gyptien ou soudanais \u00bb, a d\u00e9clar\u00e9 le Pm, ajoutant que le Caire b\u00e9n\u00e9ficiera plut\u00f4t d\u2019une collaboration en cr\u00e9ant des conditions favorables au fonctionnement du barrage.<\/p>\n<p>Il a d\u00e9clar\u00e9 qu\u2019il essaiera d\u2019expliquer les raisons pour lesquelles l\u2019\u00c9thiopie est responsable du GERD lors de ses entretiens pr\u00e9vus avec le pr\u00e9sident \u00e9gyptien, Abdel Fattah al-Sisi lors de leur rencontre de mercredi prochain.<\/p>\n<p>\u00ab Nous devrions nous concentrer sur la finalisation du barrage conform\u00e9ment au calendrier \u00e9tabli \u00bb, a-t-il dit aux parlementaires.<\/p>\n<\/div>\n<p>Auteur: APA News<br \/>\n<a href=\"https:\/\/www.journalducameroun.com\/ethiopie-rien-ne-peut-empecher-la-construction-du-grand-barrage-de-la-renaissance-pm\/\">Cliquez ici pour lire l&rsquo;article depuis sa source.<\/a><\/p>\n","protected":false},"excerpt":{"rendered":"<p>Publi\u00e9 le 22.10.2019 \u00e0 20h18 par APA News Le Premier ministre Dr Abiy Ahmed, a d\u00e9clar\u00e9, mardi, que rien ne peut emp\u00eacher l\u2019Ethiopie de construire le barrage de la Renaissance (GERD).\u00ab Le projet GERD sera r\u00e9alis\u00e9 selon les principes de la sauvegarde des droits et des avantages de l\u2019\u00c9thiopie, des connaissances scientifiques et sans nuire [&hellip;]<\/p>\n","protected":false},"author":1965,"featured_media":0,"comment_status":"closed","ping_status":"closed","sticky":false,"template":"","format":"standard","meta":{"fifu_image_url":"","fifu_image_alt":"","footnotes":""},"categories":[73,82],"tags":[],"class_list":["post-65239","post","type-post","status-publish","format-standard","hentry","category-actualite","category-cameroun"],"_links":{"self":[{"href":"https:\/\/linitiative.ca\/International\/wp-json\/wp\/v2\/posts\/65239","targetHints":{"allow":["GET"]}}],"collection":[{"href":"https:\/\/linitiative.ca\/International\/wp-json\/wp\/v2\/posts"}],"about":[{"href":"https:\/\/linitiative.ca\/International\/wp-json\/wp\/v2\/types\/post"}],"author":[{"embeddable":true,"href":"https:\/\/linitiative.ca\/International\/wp-json\/wp\/v2\/users\/1965"}],"replies":[{"embeddable":true,"href":"https:\/\/linitiative.ca\/International\/wp-json\/wp\/v2\/comments?post=65239"}],"version-history":[{"count":0,"href":"https:\/\/linitiative.ca\/International\/wp-json\/wp\/v2\/posts\/65239\/revisions"}],"wp:attachment":[{"href":"https:\/\/linitiative.ca\/International\/wp-json\/wp\/v2\/media?parent=65239"}],"wp:term":[{"taxonomy":"category","embeddable":true,"href":"https:\/\/linitiative.ca\/International\/wp-json\/wp\/v2\/categories?post=65239"},{"taxonomy":"post_tag","embeddable":true,"href":"https:\/\/linitiative.ca\/International\/wp-json\/wp\/v2\/tags?post=65239"}],"curies":[{"name":"wp","href":"https:\/\/api.w.org\/{rel}","templated":true}]}}