{"id":65241,"date":"2019-10-22T15:50:04","date_gmt":"2019-10-22T19:50:04","guid":{"rendered":"https:\/\/linitiative.ca\/International\/les-ingredients-de-la-crise-sociale-au-chili-2\/"},"modified":"2019-10-22T15:50:04","modified_gmt":"2019-10-22T19:50:04","slug":"les-ingredients-de-la-crise-sociale-au-chili-2","status":"publish","type":"post","link":"https:\/\/linitiative.ca\/International\/les-ingredients-de-la-crise-sociale-au-chili-2\/","title":{"rendered":"Les ingr\u00e9dients de la crise sociale au Chili"},"content":{"rendered":"<div readability=\"32\">\n<p>Publi\u00e9 le 22.10.2019 \u00e0 20h50 par AFP<\/p>\n<\/div>\n<div readability=\"139\">\n<p>Des in\u00e9galit\u00e9s sociales chroniques, des pensions de retraite r\u00e9duites, des co\u00fbts de sant\u00e9 et d\u2019\u00e9ducation \u00e9lev\u00e9s, des scandales de corruption au sein de l\u2019arm\u00e9e et de la police et des mesures visant \u00e0 intimider les \u00e9tudiants contestataires, tels sont les ingr\u00e9dients de la grave crise sociale qui secoue le Chili.<\/p>\n<p>\u2013 In\u00e9galit\u00e9s chroniques \u2013<\/p>\n<p>La politique macro-\u00e9conomique qui y est suivie est r\u00e9guli\u00e8rement lou\u00e9e et le revenu annuel par habitant, plus de 20.000 dollars, demeure le plus \u00e9lev\u00e9 d\u2019Am\u00e9rique latine. Mais le Chili est le pays qui conna\u00eet les plus importantes in\u00e9galit\u00e9s en Am\u00e9rique du Sud.<\/p>\n<p>\u00ab\u00a0Les in\u00e9galit\u00e9s de revenus au Chili sont sup\u00e9rieures de plus de 65% \u00e0 la moyenne de l\u2019OCDE\u00a0\u00bb, soulignait en 2018 l\u2019Organisation de coop\u00e9ration et de d\u00e9veloppement \u00e9conomiques, dont ce pays est membre depuis 2010.<\/p>\n<p>La fracture sociale entre une classe sup\u00e9rieure tr\u00e8s riche, constitu\u00e9e par une vingtaine de familles seulement, et le reste de la population qui se contentait jusqu\u2019\u00e0 pr\u00e9sent d\u2019acc\u00e9der \u00e0 la consommation par le biais d\u2019un endettement \u00e9lev\u00e9 est \u00e0 la base de la soudaine explosion d\u2019une col\u00e8re contenue depuis des ann\u00e9es.<\/p>\n<p>\u00ab\u00a0Il y a de plus en plus de personnes qui, quel que soit leur niveau de revenus, se sentent en dehors du pacte social\u00a0\u00bb, estime Marcelo Mella, un analyste politique \u00e0 l\u2019Universit\u00e9 de Santiago.<\/p>\n<p>\u2013 Des retraites r\u00e9duites \u2013<\/p>\n<p>H\u00e9ritier d\u2019un syst\u00e8me mis en place sous la dictature d\u2019Augusto Pinochet (1973-1990), un r\u00e9gime par capitalisation totalement individualis\u00e9 pour les salari\u00e9s est en vigueur pour les retraites. D\u00e9fendu par les partisans de l\u2019ultra-lib\u00e9ralisme \u00e9conomique, il est un au coeur des revendications des manifestants.<\/p>\n<p>Avec ce syst\u00e8me, les pensions des retrait\u00e9s sont pour la plupart inf\u00e9rieures au salaire minimum (environ 370 euros), tandis que les fonds de pension accumulent de gros b\u00e9n\u00e9fices chaque ann\u00e9e, ce qui scandalise de nombreux Chiliens.<\/p>\n<p>Il y a un an, le pr\u00e9sident conservateur Sebastian Pi\u00f1era a propos\u00e9 au Parlement une r\u00e9forme du syst\u00e8me, qui pr\u00e9voit notamment une contribution des employeurs.<\/p>\n<p>\u2013 Hausse des services de base \u2013<\/p>\n<p>La hausse du prix du ticket de m\u00e9tro, l\u2019\u00e9tincelle qui a d\u00e9clench\u00e9 la col\u00e8re de la rue, s\u2019ajoute \u00e0 d\u2019autres augmentations r\u00e9centes des co\u00fbts des services de base.<\/p>\n<p>D\u00e9but octobre, le gouvernement a ainsi augment\u00e9 de 10,5% les tarifs de l\u2019\u00e9lectricit\u00e9.<\/p>\n<p>Parall\u00e8lement, les m\u00e9dicaments restent les plus chers dans la r\u00e9gion, alors que le syst\u00e8me de sant\u00e9, privatis\u00e9, ne couvre que 60% des frais m\u00e9dicaux.<\/p>\n<p>\u2013 Scandales de corruption \u2013<\/p>\n<p>Autre sujet de m\u00e9contentement, la multiplication des affaires de corruption, dans une soci\u00e9t\u00e9 qui s\u2019est longtemps glorifi\u00e9e de la transparence de sa vie publique.<\/p>\n<p>Des institutions jusque-l\u00e0 jug\u00e9es au-dessus de tout soup\u00e7on, comme l\u2019arm\u00e9e et la police, sont au coeur de la temp\u00eate. Une affaire de d\u00e9tournement de 40 millions de dollars depuis 2006 secoue la police. Quant \u00e0 l\u2019arm\u00e9e, deux de ses derniers commandants en chef sont renvoy\u00e9s devant la justice pour corruption.<\/p>\n<p>De grandes entreprises sont \u00e9galement concern\u00e9es, \u00e0 l\u2019image du papetier CMPC qui a accept\u00e9 de verser une tr\u00e8s importante amende apr\u00e8s avoir reconnu s\u2019\u00eatre entendu avec d\u2019autres entreprises pour augmenter le prix du papier toilette.<\/p>\n<p>\u2013 Mesures d\u2019intimidation contre les \u00e9tudiants \u2013<\/p>\n<p>Apr\u00e8s que de gigantesques manifestations d\u2019\u00e9tudiants contre un syst\u00e8me \u00e9ducatif \u00e0 deux vitesses public-priv\u00e9 avaient fait trembler en 2011 le premier gouvernement de Sebastian Pinera (2010-2014), le mouvement \u00e9tudiant n\u2019a eu de cesse de d\u00e9noncer des campagnes visant \u00e0 d\u00e9cr\u00e9dibiliser ses actions.<\/p>\n<p>Une loi a \u00e9t\u00e9 approuv\u00e9e fin 2018 par le Parlement qui permet d\u2019expulser des \u00e9tablissements scolaires les \u00e9l\u00e8ves impliqu\u00e9s dans des troubles publics. Le gouvernement cherche d\u00e9sormais \u00e0 autoriser les contr\u00f4les d\u2019identit\u00e9 des jeunes \u00e0 partir de 14 ans.<\/p>\n<\/div>\n<p>Auteur: AFP<br \/>\n<a href=\"https:\/\/www.journalducameroun.com\/les-ingredients-de-la-crise-sociale-au-chili-2\/\">Cliquez ici pour lire l&rsquo;article depuis sa source.<\/a><\/p>\n","protected":false},"excerpt":{"rendered":"<p>Publi\u00e9 le 22.10.2019 \u00e0 20h50 par AFP Des in\u00e9galit\u00e9s sociales chroniques, des pensions de retraite r\u00e9duites, des co\u00fbts de sant\u00e9 et d\u2019\u00e9ducation \u00e9lev\u00e9s, des scandales de corruption au sein de l\u2019arm\u00e9e et de la police et des mesures visant \u00e0 intimider les \u00e9tudiants contestataires, tels sont les ingr\u00e9dients de la grave crise sociale qui secoue [&hellip;]<\/p>\n","protected":false},"author":1965,"featured_media":0,"comment_status":"closed","ping_status":"closed","sticky":false,"template":"","format":"standard","meta":{"fifu_image_url":"","fifu_image_alt":"","footnotes":""},"categories":[73,82],"tags":[],"class_list":["post-65241","post","type-post","status-publish","format-standard","hentry","category-actualite","category-cameroun"],"_links":{"self":[{"href":"https:\/\/linitiative.ca\/International\/wp-json\/wp\/v2\/posts\/65241","targetHints":{"allow":["GET"]}}],"collection":[{"href":"https:\/\/linitiative.ca\/International\/wp-json\/wp\/v2\/posts"}],"about":[{"href":"https:\/\/linitiative.ca\/International\/wp-json\/wp\/v2\/types\/post"}],"author":[{"embeddable":true,"href":"https:\/\/linitiative.ca\/International\/wp-json\/wp\/v2\/users\/1965"}],"replies":[{"embeddable":true,"href":"https:\/\/linitiative.ca\/International\/wp-json\/wp\/v2\/comments?post=65241"}],"version-history":[{"count":0,"href":"https:\/\/linitiative.ca\/International\/wp-json\/wp\/v2\/posts\/65241\/revisions"}],"wp:attachment":[{"href":"https:\/\/linitiative.ca\/International\/wp-json\/wp\/v2\/media?parent=65241"}],"wp:term":[{"taxonomy":"category","embeddable":true,"href":"https:\/\/linitiative.ca\/International\/wp-json\/wp\/v2\/categories?post=65241"},{"taxonomy":"post_tag","embeddable":true,"href":"https:\/\/linitiative.ca\/International\/wp-json\/wp\/v2\/tags?post=65241"}],"curies":[{"name":"wp","href":"https:\/\/api.w.org\/{rel}","templated":true}]}}