{"id":65242,"date":"2019-10-22T11:45:32","date_gmt":"2019-10-22T15:45:32","guid":{"rendered":"https:\/\/linitiative.ca\/International\/lart-va-scanner-les-couts-dexploitation-de-camtel-mtn-orange-nexttel\/"},"modified":"2019-10-22T11:45:32","modified_gmt":"2019-10-22T15:45:32","slug":"lart-va-scanner-les-couts-dexploitation-de-camtel-mtn-orange-nexttel","status":"publish","type":"post","link":"https:\/\/linitiative.ca\/International\/lart-va-scanner-les-couts-dexploitation-de-camtel-mtn-orange-nexttel\/","title":{"rendered":"L\u2019ART va scanner les co\u00fbts d\u2019exploitation de CAMTEL, MTN, ORANGE, NEXTTEL\u2026"},"content":{"rendered":"<div class=\"featured-area featured-area-inner\"><img loading=\"lazy\" decoding=\"async\" width=\"640\" height=\"400\" src=\"https:\/\/i2.wp.com\/ecomatin.net\/wp-content\/uploads\/2019\/10\/ecomatin.net-lart-va-scanner-les-couts-dexploitation-de-camtel-mtn-orange-nexttel-452-telecom.jpg?resize=640%2C400&#038;ssl=1&#038;is-pending-load=1\" class=\"attachment-jannah-image-post size-jannah-image-post wp-post-image jetpack-lazy-image\" alt=\"\" data-attachment-id=\"13237\" data-permalink=\"https:\/\/ecomatin.net\/lart-va-scanner-les-couts-dexploitation-de-camtel-mtn-orange-nexttel\/452-telecom\/\" data-orig-file=\"https:\/\/i2.wp.com\/ecomatin.net\/wp-content\/uploads\/2019\/10\/ecomatin.net-lart-va-scanner-les-couts-dexploitation-de-camtel-mtn-orange-nexttel-452-telecom.jpg?fit=640%2C400&#038;ssl=1\" data-orig-size=\"640,400\" data-comments-opened=\"0\" data-image-meta=\"{\"aperture\":\"0\",\"credit\":\"\",\"camera\":\"\",\"caption\":\"\",\"created_timestamp\":\"0\",\"copyright\":\"\",\"focal_length\":\"0\",\"iso\":\"0\",\"shutter_speed\":\"0\",\"title\":\"\",\"orientation\":\"0\"}\" data-image-title=\"452-telecom\" data-image-description=\"\" data-medium-file=\"https:\/\/i2.wp.com\/ecomatin.net\/wp-content\/uploads\/2019\/10\/ecomatin.net-lart-va-scanner-les-couts-dexploitation-de-camtel-mtn-orange-nexttel-452-telecom.jpg?fit=300%2C188&#038;ssl=1\" data-large-file=\"https:\/\/i2.wp.com\/ecomatin.net\/wp-content\/uploads\/2019\/10\/ecomatin.net-lart-va-scanner-les-couts-dexploitation-de-camtel-mtn-orange-nexttel-452-telecom.jpg?fit=640%2C400&#038;ssl=1\" data-lazy-srcset=\"https:\/\/i2.wp.com\/ecomatin.net\/wp-content\/uploads\/2019\/10\/ecomatin.net-lart-va-scanner-les-couts-dexploitation-de-camtel-mtn-orange-nexttel-452-telecom.jpg?w=640&#038;ssl=1 640w, https:\/\/i2.wp.com\/ecomatin.net\/wp-content\/uploads\/2019\/10\/ecomatin.net-lart-va-scanner-les-couts-dexploitation-de-camtel-mtn-orange-nexttel-452-telecom.jpg?resize=300%2C188&#038;ssl=1 300w\" data-lazy-sizes=\"(max-width: 640px) 100vw, 640px\" srcset=\"data:image\/gif;base64,R0lGODlhAQABAIAAAAAAAP\/\/\/yH5BAEAAAAALAAAAAABAAEAAAIBRAA7\"\/><\/div>\n<div class=\"entry-content entry clearfix\" readability=\"55\">\n<p>L\u2019Agence de r\u00e9gulation des t\u00e9l\u00e9communications (<strong>ART<\/strong>) au Cameroun veut scruter les co\u00fbts de production des op\u00e9rateurs du secteur exer\u00e7ant sur le territoire national. Elle vient en effet de lancer le recrutement d\u2019un cabinet qui va se charger d\u2019\u00e9laborer les lignes directrices de la comptabilit\u00e9 analytique des op\u00e9rateurs concessionnaires (fixe et mobiles), ainsi que celle des op\u00e9rateurs \u00e9tablissant et exploitant des infrastructures passives en support aux r\u00e9seaux de communications \u00e9lectroniques.<\/p>\n<p>En clair, le r\u00e9gulateur du secteur des t\u00e9l\u00e9communications \u00e9lectroniques veut ma\u00eetriser les co\u00fbts d\u2019exploitation de ces diff\u00e9rentes entreprises. L\u2019objectif, explique un expert, \u00e9tant de mieux ma\u00eetriser l\u2019ad\u00e9quation entre les d\u00e9penses des op\u00e9rateurs pour assurer leurs prestations et les co\u00fbts propos\u00e9s aux utilisateurs de leurs r\u00e9seaux. <em>\u00ab\u00a0Il s\u2019agit surtout aussi de mieux ma\u00eetriser les bilans financiers de ces entreprises, savoir qu\u2019elles sont les chiffres d\u2019affaires et b\u00e9n\u00e9fices r\u00e9els, afin de d\u00e9gager les royalties que l\u2019Etat peut tirer de ces activit\u00e9s quand il s\u2019agit des concessions\u00a0\u00bb,<\/em> souligne-t-il.<\/p>\n<p>D\u2019un co\u00fbt pr\u00e9visionnel de 150\u00a0 millions de FCFA, sur financement du budget 2019 de l\u2019ART, les prestations du consultant visent, entre autres\u00a0: \u00e0 d\u00e9terminer des retraitements permettant le passage de la comptabilit\u00e9 g\u00e9n\u00e9rale \u00e0 la comptabilit\u00e9 analytique (et vice-versa) utile aux objectifs de la r\u00e9gulation\u00a0; proposer une m\u00e9thode d\u2019\u00e9valuation des co\u00fbts des fonds propres et la d\u00e9termination du capital dans le secteur\u00a0; ressortir une nomenclature des co\u00fbts pertinents \u00e0 l\u2019interconnexion et au partage des infrastructures\u00a0; proposer des r\u00e8gles d\u2019application de la m\u00e9thode ABC permettant de comptabiliser des co\u00fbts par activit\u00e9s et des co\u00fbts de r\u00e9seau\u00a0; identifier les prestations internes et proc\u00e9der \u00e0 l\u2019analyse des prix de cessions internes\u00a0; etc.<\/p>\n<div class=\"about-author about-author-box container-wrapper\">\n<div class=\"author-avatar\">\n<p><img decoding=\"async\" src=\"http:\/\/\" alt=\"\"\/><\/p>\n<\/div>\n<p><h4>La R\u00e9daction EcoMatin<\/h4>\n<\/p>\n<\/div>\n<div class=\"awac-wrapper awac widget blog_subscription-2\">\n<h4 class=\"widget-title\">Abonnez-vous \u00e0 notre lettre d&rsquo;information<\/h4>\n<\/div>\n<\/div>\n<div class=\"toggle-post-content clearfix\"><a id=\"toggle-post-button\" class=\"button\" href=\"#\">Afficher plus <\/a><\/div>\n<p>Auteur: EcoMatin<br \/>\n<a href=\"https:\/\/ecomatin.net\/lart-va-scanner-les-couts-dexploitation-de-camtel-mtn-orange-nexttel\/\">Cliquez ici pour lire l&rsquo;article depuis sa source.<\/a><\/p>\n","protected":false},"excerpt":{"rendered":"<p>L\u2019Agence de r\u00e9gulation des t\u00e9l\u00e9communications (ART) au Cameroun veut scruter les co\u00fbts de production des op\u00e9rateurs du secteur exer\u00e7ant sur le territoire national. Elle vient en effet de lancer le recrutement d\u2019un cabinet qui va se charger d\u2019\u00e9laborer les lignes directrices de la comptabilit\u00e9 analytique des op\u00e9rateurs concessionnaires (fixe et mobiles), ainsi que celle des [&hellip;]<\/p>\n","protected":false},"author":1969,"featured_media":0,"comment_status":"closed","ping_status":"closed","sticky":false,"template":"","format":"standard","meta":{"fifu_image_url":"","fifu_image_alt":"","footnotes":""},"categories":[82,78],"tags":[],"class_list":["post-65242","post","type-post","status-publish","format-standard","hentry","category-cameroun","category-economie"],"_links":{"self":[{"href":"https:\/\/linitiative.ca\/International\/wp-json\/wp\/v2\/posts\/65242","targetHints":{"allow":["GET"]}}],"collection":[{"href":"https:\/\/linitiative.ca\/International\/wp-json\/wp\/v2\/posts"}],"about":[{"href":"https:\/\/linitiative.ca\/International\/wp-json\/wp\/v2\/types\/post"}],"author":[{"embeddable":true,"href":"https:\/\/linitiative.ca\/International\/wp-json\/wp\/v2\/users\/1969"}],"replies":[{"embeddable":true,"href":"https:\/\/linitiative.ca\/International\/wp-json\/wp\/v2\/comments?post=65242"}],"version-history":[{"count":0,"href":"https:\/\/linitiative.ca\/International\/wp-json\/wp\/v2\/posts\/65242\/revisions"}],"wp:attachment":[{"href":"https:\/\/linitiative.ca\/International\/wp-json\/wp\/v2\/media?parent=65242"}],"wp:term":[{"taxonomy":"category","embeddable":true,"href":"https:\/\/linitiative.ca\/International\/wp-json\/wp\/v2\/categories?post=65242"},{"taxonomy":"post_tag","embeddable":true,"href":"https:\/\/linitiative.ca\/International\/wp-json\/wp\/v2\/tags?post=65242"}],"curies":[{"name":"wp","href":"https:\/\/api.w.org\/{rel}","templated":true}]}}