{"id":65247,"date":"2019-10-23T07:50:34","date_gmt":"2019-10-23T11:50:34","guid":{"rendered":"https:\/\/linitiative.ca\/International\/renault-le-futur-directeur-general-pas-necessairement-francais\/"},"modified":"2019-10-23T07:50:34","modified_gmt":"2019-10-23T11:50:34","slug":"renault-le-futur-directeur-general-pas-necessairement-francais","status":"publish","type":"post","link":"https:\/\/linitiative.ca\/International\/renault-le-futur-directeur-general-pas-necessairement-francais\/","title":{"rendered":"Renault : Le futur directeur g\u00e9n\u00e9ral  pas n\u00e9cessairement fran\u00e7ais"},"content":{"rendered":"<p><img decoding=\"async\" class=\"post_layout_5_img\" src=\"http:\/\/aujourdhui.ma\/wp-content\/uploads\/2019\/10\/Jean-Dominique-Senard-Pre%CC%81sident-de-Renault.jpg?x29840\" alt=\"Renault : Le futur directeur g\u00e9n\u00e9ral pas n\u00e9cessairement fran\u00e7ais\"\/><\/p>\n<p class=\"p1\"><span class=\"c5\"><strong><span class=\"s1 c4\"><em>La relance du partenariat industriel avec Nissan est d\u00e9sormais la priorit\u00e9<\/em><\/span><\/strong><\/span><span id=\"more-321119\"\/><\/p>\n<p class=\"p1\"><span class=\"s1\">Le pr\u00e9sident du constructeur automobile fran\u00e7ais Renault, Jean-Dominique Senard, a estim\u00e9 mardi que le futur directeur g\u00e9n\u00e9ral du groupe, successeur de Thierry Bollor\u00e9 r\u00e9cemment limog\u00e9, ne serait pas obligatoirement fran\u00e7ais, lors d\u2019une interview sur France Inter.<\/span><\/p>\n<p class=\"p1\"><span class=\"s1\"><em>\u00abCe n\u2019est pas une absolue n\u00e9cessit\u00e9\u00bb<\/em> que le futur directeur g\u00e9n\u00e9ral de Renault soit un Fran\u00e7ais, a d\u00e9clar\u00e9 M. Senard, tout en soulignant que la recherche d\u2019un nouveau dirigeant \u00e9tait toujours en cours.<\/span><\/p>\n<p class=\"p1\"><span class=\"s1\"><em>\u00abTr\u00e8s honn\u00eatement, aujourd\u2019hui je n\u2019en sais rien. Tout est ouvert. Il n\u2019y a aucune esp\u00e8ce de restriction par rapport \u00e0 la nationalit\u00e9 de la personne\u00bb<\/em>, a-t-il ajout\u00e9, reconnaissant qu\u2019il avait d\u00e9j\u00e0 en t\u00eate quelques noms de candidats possibles.<\/span><\/p>\n<p class=\"p1\"><span class=\"s1\">Le conseil d\u2019administration de Renault avait d\u00e9cid\u00e9 le 11 octobre de d\u00e9mettre de ses fonctions le directeur g\u00e9n\u00e9ral Thierry Bollor\u00e9, qui avait \u00e9t\u00e9 nomm\u00e9 par l\u2019ancien patron Carlos Ghosn, assign\u00e9 \u00e0 r\u00e9sidence au Japon o\u00f9 il doit \u00eatre jug\u00e9 l\u2019an prochain pour diverses malversations pr\u00e9sum\u00e9es.<\/span><\/p>\n<p class=\"p1\"><span class=\"s1\">M. Senard avait justifi\u00e9 cette \u00e9viction par la n\u00e9cessit\u00e9 de donner un \u00abnouveau souffle\u00bb au constructeur fran\u00e7ais et \u00e0 son alliance avec Nissan.<\/span><\/p>\n<p class=\"p1\"><span class=\"s1\">Le d\u00e9part de M. Bollor\u00e9, en poste depuis un an et demi et qui \u00e9tait contest\u00e9 au Japon, est survenu peu apr\u00e8s celui du directeur g\u00e9n\u00e9ral de Nissan, Hiroto Saikawa.<\/span><\/p>\n<p class=\"p1\"><span class=\"s1\">M. Senard avait soulign\u00e9 lors d\u2019une conf\u00e9rence de presse que le prochain directeur g\u00e9n\u00e9ral du groupe au losange devrait avoir <em>\u00abla capacit\u00e9 de comprendre le caract\u00e8re imp\u00e9ratif de l\u2019alliance et la culture internationale\u00bb<\/em> ainsi que <em>\u00abla capacit\u00e9 \u00e0 insuffler dans le groupe un esprit de responsabilisation\u00bb<\/em> afin de <em>\u00abbriser les silos\u00bb<\/em> qui, selon lui, affectent le bon fonctionnement de Renault. Des sources proches de Renault ont \u00e9voqu\u00e9 des probl\u00e8mes de \u00abperformance\u00bb et de \u00abmanagement\u00bb au sujet de M. Bollor\u00e9. Le groupe a d\u2019ailleurs annonc\u00e9 la semaine derni\u00e8re qu\u2019il abaissait ses objectifs financiers annuels et \u00e0 moyen terme, apr\u00e8s avoir d\u00e9voil\u00e9 des ventes en baisse de 1,6% au troisi\u00e8me trimestre.<\/span><\/p>\n<p class=\"p1\"><span class=\"s1\"><em>\u00abL\u2019affaire Ghosn pour nous c\u2019est le pass\u00e9. L\u2019entreprise a besoin d\u2019autre chose (\u2026). Les \u00e9quipes n\u2019en peuvent plus, elles veulent regarder devant\u00bb,<\/em> a encore affirm\u00e9 M. Senard sur France Inter, assurant que la relance du partenariat industriel avec Nissan \u00e9tait d\u00e9sormais la priorit\u00e9.<\/span><\/p>\n<p class=\"p1\"><span class=\"s1\"><em>\u00abLes dirigeants de nos groupes doivent faire en sorte que les \u00e9quipes maintenant vraiment, avec la meilleure volont\u00e9 du monde, travaillent ensemble\u00bb,<\/em> a-t-il dit, alors que la relation entre le management des deux constructeurs souffre de tensions anciennes.<\/span><\/p>\n<p class=\"p1\"><span class=\"s1\"><em>\u00abJ\u2019ai d\u00e9couvert une alliance en beaucoup plus mauvais \u00e9tat que je l\u2019avais imagin\u00e9 et cela se r\u00e9pare lentement\u00bb,<\/em> a poursuivi M. Senard.<\/span><\/p>\n<p>Auteur: ALM<br \/>\n<a href=\"http:\/\/aujourdhui.ma\/automobile\/renault-le-futur-directeur-general-pas-necessairement-francais\">Cliquez ici pour lire l&rsquo;article depuis sa source.<\/a><\/p>\n","protected":false},"excerpt":{"rendered":"<p>La relance du partenariat industriel avec Nissan est d\u00e9sormais la priorit\u00e9 Le pr\u00e9sident du constructeur automobile fran\u00e7ais Renault, Jean-Dominique Senard, a estim\u00e9 mardi que le futur directeur g\u00e9n\u00e9ral du groupe, successeur de Thierry Bollor\u00e9 r\u00e9cemment limog\u00e9, ne serait pas obligatoirement fran\u00e7ais, lors d\u2019une interview sur France Inter. \u00abCe n\u2019est pas une absolue n\u00e9cessit\u00e9\u00bb que le [&hellip;]<\/p>\n","protected":false},"author":1759,"featured_media":0,"comment_status":"closed","ping_status":"closed","sticky":false,"template":"","format":"standard","meta":{"fifu_image_url":"","fifu_image_alt":"","footnotes":""},"categories":[73,54],"tags":[],"class_list":["post-65247","post","type-post","status-publish","format-standard","hentry","category-actualite","category-maroc"],"_links":{"self":[{"href":"https:\/\/linitiative.ca\/International\/wp-json\/wp\/v2\/posts\/65247","targetHints":{"allow":["GET"]}}],"collection":[{"href":"https:\/\/linitiative.ca\/International\/wp-json\/wp\/v2\/posts"}],"about":[{"href":"https:\/\/linitiative.ca\/International\/wp-json\/wp\/v2\/types\/post"}],"author":[{"embeddable":true,"href":"https:\/\/linitiative.ca\/International\/wp-json\/wp\/v2\/users\/1759"}],"replies":[{"embeddable":true,"href":"https:\/\/linitiative.ca\/International\/wp-json\/wp\/v2\/comments?post=65247"}],"version-history":[{"count":0,"href":"https:\/\/linitiative.ca\/International\/wp-json\/wp\/v2\/posts\/65247\/revisions"}],"wp:attachment":[{"href":"https:\/\/linitiative.ca\/International\/wp-json\/wp\/v2\/media?parent=65247"}],"wp:term":[{"taxonomy":"category","embeddable":true,"href":"https:\/\/linitiative.ca\/International\/wp-json\/wp\/v2\/categories?post=65247"},{"taxonomy":"post_tag","embeddable":true,"href":"https:\/\/linitiative.ca\/International\/wp-json\/wp\/v2\/tags?post=65247"}],"curies":[{"name":"wp","href":"https:\/\/api.w.org\/{rel}","templated":true}]}}