{"id":65248,"date":"2019-10-23T08:30:20","date_gmt":"2019-10-23T12:30:20","guid":{"rendered":"https:\/\/linitiative.ca\/International\/13eme-festival-international-du-theatre-universitaire-de-tanger-cest-parti\/"},"modified":"2019-10-23T08:30:20","modified_gmt":"2019-10-23T12:30:20","slug":"13eme-festival-international-du-theatre-universitaire-de-tanger-cest-parti","status":"publish","type":"post","link":"https:\/\/linitiative.ca\/International\/13eme-festival-international-du-theatre-universitaire-de-tanger-cest-parti\/","title":{"rendered":"13\u00e8me Festival international du th\u00e9\u00e2tre universitaire de Tanger : C\u2019est parti !"},"content":{"rendered":"<p><img decoding=\"async\" class=\"post_layout_5_img\" src=\"http:\/\/aujourdhui.ma\/wp-content\/uploads\/2019\/10\/Lhommage-rendu-a%CC%80-Malika-El-Omari-Festival-international-du-the%CC%81a%CC%82tre-universitaire-de-Tanger.jpg?x29840\" alt=\"13\u00e8me Festival international du th\u00e9\u00e2tre universitaire de Tanger : C\u2019est parti !\"\/><\/p>\n<p class=\"p1\"><span class=\"c4\"><span class=\"s1\"><strong>Un hommage a \u00e9t\u00e9 rendu \u00e0 Malika El Omari, consid\u00e9r\u00e9e comme l\u2019une des ic\u00f4nes\u00a0<\/strong><\/span><span class=\"s1\"><strong>du th\u00e9\u00e2tre marocain<\/strong><\/span><\/span> <span id=\"more-321077\"\/><\/p>\n<div class=\"base-box mom_box_sc_custom mom_box_sc clear c5\" readability=\"8\">\n<p class=\"p1\"><strong><em>Cette soir\u00e9e d\u2019ouverture a \u00e9t\u00e9 marqu\u00e9e par la pr\u00e9sentation de la premi\u00e8re pi\u00e8ce \u00abDerabna Trane\u00bb (Le train nous a renvers\u00e9s) par la troupe professionnelle<\/em> <span class=\"s1\"><em>th\u00e9\u00e2trale Masrah El Madina.<\/em><\/span><\/strong><\/p>\n<\/div>\n<p class=\"p1\"><span class=\"s1\"><a href=\"http:\/\/aujourdhui.ma\/wp-content\/uploads\/2019\/10\/Festival-international-du-the%CC%81a%CC%82tre-universitaire-de-Tanger.jpg?x29840\"><img loading=\"lazy\" decoding=\"async\" class=\"wp-image-321079 alignleft\" src=\"http:\/\/aujourdhui.ma\/wp-content\/uploads\/2019\/10\/Festival-international-du-the%CC%81a%CC%82tre-universitaire-de-Tanger.jpg?x29840\" alt=\"\" width=\"293\" height=\"414\" srcset=\"http:\/\/aujourdhui.ma\/wp-content\/uploads\/2019\/10\/Festival-international-du-the\u0301a\u0302tre-universitaire-de-Tanger.jpg 485w, http:\/\/aujourdhui.ma\/wp-content\/uploads\/2019\/10\/Festival-international-du-the\u0301a\u0302tre-universitaire-de-Tanger-212x300.jpg 212w\" sizes=\"auto, (max-width: 293px) 100vw, 293px\"\/><\/a>Tanger a vibr\u00e9, lundi 21 octobre, au rythme d\u2019un carnaval haut en couleur qui a permis aux Tang\u00e9rois et aux visiteurs de la ville de vivre de grands moments de f\u00eate. C\u2019est \u00e0 l\u2019occasion du treizi\u00e8me Festival international du th\u00e9\u00e2tre universitaire de Tanger (FITUT), dont les travaux se poursuivent jusqu\u2019au 26 octobre sous le th\u00e8me \u00abLe th\u00e9\u00e2tre : une m\u00e9lodie des corps\u00bb. Ayant \u00e9t\u00e9 programm\u00e9 au d\u00e9but de l\u2019ouverture du FITUT 2019, ce carnaval a d\u00e9marr\u00e9, en fin d\u2019apr\u00e8s-midi, avec un d\u00e9fil\u00e9 des troupes participantes \u00e0 la place du 9 Avril, qui est consid\u00e9r\u00e9e comme l\u2019un des sites les plus fr\u00e9quent\u00e9s et les plus anim\u00e9s de la ville.<\/span><\/p>\n<p class=\"p1\"><span class=\"s1\">Il a travers\u00e9 les principales art\u00e8res de la ville par des musiques folkloriques, des spectacles de danse et d\u2019acrobatie et des shows de manipulation de feu, avant d\u2019arriver \u00e0 la c\u00e9l\u00e8bre place des Nations Unies, o\u00f9 tous les participants ont r\u00e9alis\u00e9 une chor\u00e9graphie collective marquant la cl\u00f4ture de ce d\u00e9fil\u00e9. A l\u2019instar des ann\u00e9es pr\u00e9c\u00e9dentes, <em>\u00abcette belle marche artistique permet aux participants de vivre des moments uniques de partage et d\u2019\u00e9change culturel\u00bb,<\/em> a soulign\u00e9 le directeur du FITUT 2019, Tahar El Qour.<\/span><\/p>\n<p class=\"p1\"><span class=\"s1\">Ce carnaval a \u00e9t\u00e9 suivi dans la soir\u00e9e par la c\u00e9r\u00e9monie officielle de cette treizi\u00e8me \u00e9dition, dont les travaux ont \u00e9t\u00e9 marqu\u00e9s par l\u2019hommage rendu \u00e0 l\u2019artiste marocaine Malika El Omari pour son long parcours et sa participation dans la promotion et la mise en valeur de l\u2019histoire du th\u00e9\u00e2tre au Maroc. Ayant d\u00e9but\u00e9 sa carri\u00e8re en 1960, elle a r\u00e9ussi \u00e0 conqu\u00e9rir le c\u0153ur des Marocains par ses multiples r\u00f4les sur les planches, que ce soit sur le petit ou le grand \u00e9cran. De l\u2019avis des professionnels pr\u00e9sents \u00e0 cet \u00e9v\u00e9nement, Malika El Omari a travaill\u00e9 dur et avec amour pour pouvoir s\u2019imposer parmi les ic\u00f4nes du th\u00e9\u00e2tre marocain, dont Aziz Maouhoub, Fatema Regragui, Mohamed El Jem, ou encore Nezha Regragui.<\/span><\/p>\n<p class=\"p1\"><span class=\"s1\">Cette soir\u00e9e d\u2019ouverture a \u00e9galement \u00e9t\u00e9 marqu\u00e9e par la pr\u00e9sentation de la premi\u00e8re pi\u00e8ce \u00abDerabna Trane\u00bb (Le train nous a renvers\u00e9s) par la troupe professionnelle th\u00e9\u00e2trale Masrah El Madina. Cette \u0153uvre th\u00e9\u00e2trale raconte l\u2019histoire de quatre inconnus \u00e0 travers des r\u00e9cits d\u2019humour et de trag\u00e9die de Hind Saadidi, Adile Aba Trab, Abdellah Didane et Kamal Kadimi. Le public va d\u00e9couvrir les vraies personnalit\u00e9s de ces quatre inconnus et leurs secrets les plus intimes quand ils se retrouvent soudain coinc\u00e9s dans un train en panne technique, en pleine nuit et \u00e0 mi-chemin.<\/span><\/p>\n<p class=\"p1\"><span class=\"s1\">Initi\u00e9e par l\u2019Association de l\u2019action universitaire de l\u2019Ecole nationale de commerce et de gestion (ENCG) de Tanger en collaboration avec l\u2019Universit\u00e9 Abdelmalek Essa\u00e2di, cette treizi\u00e8me \u00e9dition conna\u00eet la pr\u00e9sentation de 14 pi\u00e8ces de th\u00e9\u00e2tre repr\u00e9sentant le Maroc, la C\u00f4te d\u2019Ivoire, la Lituanie, l\u2019Italie, l\u2019Egypte, la France, les Etats-Unis, la Pologne et la Tunisie. Parmi lesquelles onze \u0153uvres sont en lice pour le Grand prix de cette treizi\u00e8me \u00e9dition. En plus de l\u2019artiste marocaine Malika El Omari, un autre hommage sera rendu, lors de la soir\u00e9e de cl\u00f4ture de ce festival, au dramaturge et \u00e9crivain tang\u00e9rois Zoubir Ben Bouchta.<\/span><\/p>\n<p>Auteur: Najat Fa\u00efssal<br \/>\n<a href=\"http:\/\/aujourdhui.ma\/culture\/13eme-festival-international-du-theatre-universitaire-de-tanger-cest-parti\">Cliquez ici pour lire l&rsquo;article depuis sa source.<\/a><\/p>\n","protected":false},"excerpt":{"rendered":"<p>Un hommage a \u00e9t\u00e9 rendu \u00e0 Malika El Omari, consid\u00e9r\u00e9e comme l\u2019une des ic\u00f4nes\u00a0du th\u00e9\u00e2tre marocain Cette soir\u00e9e d\u2019ouverture a \u00e9t\u00e9 marqu\u00e9e par la pr\u00e9sentation de la premi\u00e8re pi\u00e8ce \u00abDerabna Trane\u00bb (Le train nous a renvers\u00e9s) par la troupe professionnelle th\u00e9\u00e2trale Masrah El Madina. Tanger a vibr\u00e9, lundi 21 octobre, au rythme d\u2019un carnaval haut [&hellip;]<\/p>\n","protected":false},"author":1759,"featured_media":0,"comment_status":"closed","ping_status":"closed","sticky":false,"template":"","format":"standard","meta":{"fifu_image_url":"","fifu_image_alt":"","footnotes":""},"categories":[73,54],"tags":[],"class_list":["post-65248","post","type-post","status-publish","format-standard","hentry","category-actualite","category-maroc"],"_links":{"self":[{"href":"https:\/\/linitiative.ca\/International\/wp-json\/wp\/v2\/posts\/65248","targetHints":{"allow":["GET"]}}],"collection":[{"href":"https:\/\/linitiative.ca\/International\/wp-json\/wp\/v2\/posts"}],"about":[{"href":"https:\/\/linitiative.ca\/International\/wp-json\/wp\/v2\/types\/post"}],"author":[{"embeddable":true,"href":"https:\/\/linitiative.ca\/International\/wp-json\/wp\/v2\/users\/1759"}],"replies":[{"embeddable":true,"href":"https:\/\/linitiative.ca\/International\/wp-json\/wp\/v2\/comments?post=65248"}],"version-history":[{"count":0,"href":"https:\/\/linitiative.ca\/International\/wp-json\/wp\/v2\/posts\/65248\/revisions"}],"wp:attachment":[{"href":"https:\/\/linitiative.ca\/International\/wp-json\/wp\/v2\/media?parent=65248"}],"wp:term":[{"taxonomy":"category","embeddable":true,"href":"https:\/\/linitiative.ca\/International\/wp-json\/wp\/v2\/categories?post=65248"},{"taxonomy":"post_tag","embeddable":true,"href":"https:\/\/linitiative.ca\/International\/wp-json\/wp\/v2\/tags?post=65248"}],"curies":[{"name":"wp","href":"https:\/\/api.w.org\/{rel}","templated":true}]}}