{"id":65250,"date":"2019-10-23T10:00:33","date_gmt":"2019-10-23T14:00:33","guid":{"rendered":"https:\/\/linitiative.ca\/International\/francoise-atlan-la-culture-soufie-a-de-plus-en-plus-interet-a-etre-connue-et-encouragee\/"},"modified":"2019-10-23T10:00:33","modified_gmt":"2019-10-23T14:00:33","slug":"francoise-atlan-la-culture-soufie-a-de-plus-en-plus-interet-a-etre-connue-et-encouragee","status":"publish","type":"post","link":"https:\/\/linitiative.ca\/International\/francoise-atlan-la-culture-soufie-a-de-plus-en-plus-interet-a-etre-connue-et-encouragee\/","title":{"rendered":"Fran\u00e7oise Atlan : \u00abLa culture soufie a de plus en plus, int\u00e9r\u00eat \u00e0 \u00eatre connue et encourag\u00e9e\u00bb"},"content":{"rendered":"<p><img decoding=\"async\" class=\"post_layout_5_img\" src=\"http:\/\/aujourdhui.ma\/wp-content\/uploads\/2019\/10\/Franc%CC%A7oise-Atlan-chanteuse-franco-marocaine.jpg?x29840\" alt=\"Fran\u00e7oise Atlan : \u00abLa culture soufie a de plus en plus, int\u00e9r\u00eat \u00e0 \u00eatre connue et encourag\u00e9e\u00bb\"\/><\/p>\n<p class=\"p1\"><span class=\"c4\"><strong><span class=\"s1\"><em>Entretien avec<\/em> Fran\u00e7oise Atlan<em>,<\/em> chanteuse franco-marocaine<\/span><\/strong><\/span><span id=\"more-321083\"\/><\/p>\n<div class=\"base-box mom_box_sc_custom mom_box_sc clear c5\" readability=\"14\">\n<p class=\"p1\"><strong><span class=\"s1\"><em>Rencontr\u00e9e directement apr\u00e8s sa performance au concert d\u2019ouverture du 12\u00e8me Festival de F\u00e8s de la culture soufie, qui se tient jusqu\u2019au 26 octobre, la chanteuse franco-marocaine Fran\u00e7oise Atlan s\u2019exprime sur sa prestation lors de cette c\u00e9r\u00e9monie. Cet \u00e9change rapide avec l\u2019artiste \u00e9tait \u00e9galement l\u2019occasion pour l\u2019interroger \u00e0 propos de la nationalit\u00e9 marocaine, qu\u2019elle a re\u00e7ue, apr\u00e8s son concert en pr\u00e9sence de SM le Roi Mohammed VI et Sa Saintet\u00e9 le Pape.<\/em><\/span><\/strong><\/p>\n<\/div>\n<p class=\"p1\"><span class=\"s1\"><strong>ALM : Vous vous \u00eates produite au Festival de F\u00e8s de la culture soufie pour deux ann\u00e9es cons\u00e9cutives. Quelle est la diff\u00e9rence entre chacune de vos participations ?<\/strong><\/span><\/p>\n<p class=\"p1\"><span class=\"s1\"><strong>Fran\u00e7oise Atlan :<\/strong> Comme vous dites, j\u2019ai chant\u00e9 l\u2019ann\u00e9e derni\u00e8re \u00e0 cet \u00e9v\u00e9nement. C\u2019est toujours une \u00e9motion tr\u00e8s grande de s\u2019y produire. Cette ann\u00e9e, c\u2019\u00e9tait tout \u00e0 fait diff\u00e9rent parce que j\u2019\u00e9tais avec d\u2019autres chanteurs. Il est toujours assez impressionnant d\u2019\u00eatre avec de belles voix. Je me sentais bien envelopp\u00e9e par les deux voix qui m\u2019ont accompagn\u00e9e lors du concert d\u2019ouverture de cette 12\u00e8me \u00e9dition. Nous avons chant\u00e9 la m\u00eame spiritualit\u00e9, notamment le grand po\u00e8te Al Shushtari. C\u2019\u00e9tait un bonheur immense. A propos du festival, je peux dire que cet \u00e9v\u00e9nement est absolument extraordinaire.<\/span><\/p>\n<p class=\"p1\"><span class=\"s1\"><strong>En mars dernier, vous avez chant\u00e9 devant le Souverain et Sa Saintet\u00e9 le Pape. Ce qui vous a valu la nationalit\u00e9 de notre pays en vertu d\u2019un d\u00e9cret royal. Qu\u2019est-ce que cela vous fait d\u2019\u00eatre marocaine ?<\/strong><\/span><\/p>\n<p class=\"p1\"><span class=\"s1\">Cela m\u2019\u00e9meut \u00e9norm\u00e9ment. Je me sens assez fi\u00e8re. J\u2019esp\u00e8re vraiment honorer cette distinction assez particuli\u00e8re.<\/span><\/p>\n<p class=\"p1\"><span class=\"s1\"><strong>Lors de votre concert au 12\u00e8me Festival de F\u00e8s de la culture soufie, vous avez, outre l\u2019espagnol, interpr\u00e9t\u00e9 des chants en arabe. Comment vous vous \u00eates pr\u00e9par\u00e9e pour cette langue ?<\/strong><\/span><\/p>\n<p class=\"p1\"><span class=\"s1\">La langue arabe, je l\u2019ai, quand m\u00eame, dans ma famille puisque j\u2019ai des origines alg\u00e9riennes du c\u00f4t\u00e9 paternel. Donc, je suis un peu retourn\u00e9e \u00e0 mes racines.<\/span><\/p>\n<p class=\"p1\"><span class=\"s1\"><strong>Vous \u00eates \u00e9galement connue pour vos chants s\u00e9pharades. Pourriez-vous nous dire s\u2019il existe un point commun entre ceux-ci et les chants soufis du Maroc ?<\/strong><\/span><\/p>\n<p class=\"p1\"><span class=\"s1\">Pour r\u00e9pondre \u00e0 votre question, je dirais que la spiritualit\u00e9, c\u2019est ce qui nous unit. Ici, au Maroc, c\u2019est un grand pays o\u00f9 l\u2019on peut vraiment ressentir cela. C\u2019est pourquoi je suis d\u2019ailleurs fi\u00e8re d\u2019\u00eatre marocaine aussi.<\/span><\/p>\n<p class=\"p1\"><span class=\"s1\"><strong>Quel regard portez-vous sur l\u2019\u00e9volution de la culture soufie dans le monde ?<\/strong><\/span><\/p>\n<p class=\"p1\"><span class=\"s1\">Je crois que cette culture a de plus en plus int\u00e9r\u00eat \u00e0 \u00eatre connue et encourag\u00e9e.<\/span><\/p>\n<p>Auteur: Salima Guisser<br \/>\n<a href=\"http:\/\/aujourdhui.ma\/culture\/musique\/francoise-atlan-la-culture-soufie-a-de-plus-en-plus-interet-a-etre-connue-et-encouragee\">Cliquez ici pour lire l&rsquo;article depuis sa source.<\/a><\/p>\n","protected":false},"excerpt":{"rendered":"<p>Entretien avec Fran\u00e7oise Atlan, chanteuse franco-marocaine Rencontr\u00e9e directement apr\u00e8s sa performance au concert d\u2019ouverture du 12\u00e8me Festival de F\u00e8s de la culture soufie, qui se tient jusqu\u2019au 26 octobre, la chanteuse franco-marocaine Fran\u00e7oise Atlan s\u2019exprime sur sa prestation lors de cette c\u00e9r\u00e9monie. Cet \u00e9change rapide avec l\u2019artiste \u00e9tait \u00e9galement l\u2019occasion pour l\u2019interroger \u00e0 propos de [&hellip;]<\/p>\n","protected":false},"author":1759,"featured_media":0,"comment_status":"closed","ping_status":"closed","sticky":false,"template":"","format":"standard","meta":{"fifu_image_url":"","fifu_image_alt":"","footnotes":""},"categories":[73,54],"tags":[],"class_list":["post-65250","post","type-post","status-publish","format-standard","hentry","category-actualite","category-maroc"],"_links":{"self":[{"href":"https:\/\/linitiative.ca\/International\/wp-json\/wp\/v2\/posts\/65250","targetHints":{"allow":["GET"]}}],"collection":[{"href":"https:\/\/linitiative.ca\/International\/wp-json\/wp\/v2\/posts"}],"about":[{"href":"https:\/\/linitiative.ca\/International\/wp-json\/wp\/v2\/types\/post"}],"author":[{"embeddable":true,"href":"https:\/\/linitiative.ca\/International\/wp-json\/wp\/v2\/users\/1759"}],"replies":[{"embeddable":true,"href":"https:\/\/linitiative.ca\/International\/wp-json\/wp\/v2\/comments?post=65250"}],"version-history":[{"count":0,"href":"https:\/\/linitiative.ca\/International\/wp-json\/wp\/v2\/posts\/65250\/revisions"}],"wp:attachment":[{"href":"https:\/\/linitiative.ca\/International\/wp-json\/wp\/v2\/media?parent=65250"}],"wp:term":[{"taxonomy":"category","embeddable":true,"href":"https:\/\/linitiative.ca\/International\/wp-json\/wp\/v2\/categories?post=65250"},{"taxonomy":"post_tag","embeddable":true,"href":"https:\/\/linitiative.ca\/International\/wp-json\/wp\/v2\/tags?post=65250"}],"curies":[{"name":"wp","href":"https:\/\/api.w.org\/{rel}","templated":true}]}}