{"id":65251,"date":"2019-10-23T11:00:02","date_gmt":"2019-10-23T15:00:02","guid":{"rendered":"https:\/\/linitiative.ca\/International\/xc40-recharge-premier-vehicule-electrique-de-volvo\/"},"modified":"2019-10-23T11:00:02","modified_gmt":"2019-10-23T15:00:02","slug":"xc40-recharge-premier-vehicule-electrique-de-volvo","status":"publish","type":"post","link":"https:\/\/linitiative.ca\/International\/xc40-recharge-premier-vehicule-electrique-de-volvo\/","title":{"rendered":"XC40 Recharge, premier v\u00e9hicule \u00e9lectrique de Volvo"},"content":{"rendered":"<p><img decoding=\"async\" class=\"post_layout_5_img\" src=\"http:\/\/aujourdhui.ma\/wp-content\/uploads\/2019\/10\/Volvo-XC40.jpg?x29840\" alt=\"XC40 Recharge, premier v\u00e9hicule \u00e9lectrique de Volvo\"\/><\/p>\n<p class=\"p1\"><span class=\"c5\"><strong><span class=\"s1 c4\"><em>La marque lancera un v\u00e9hicule 100% \u00e9lectrique par an dans les 5 prochaines ann\u00e9es<\/em><\/span><\/strong><\/span><span id=\"more-321121\"\/><\/p>\n<p class=\"p1\"><span class=\"s1\">Le constructeur automobile su\u00e9dois Volvo lancera dans les cinq prochaines ann\u00e9es un v\u00e9hicule 100% \u00e9lectrique par an. L\u2019annonce est relay\u00e9e par la marque qui fera <em>\u00aben sorte qu\u2019une Volvo vendue sur deux dans le monde soit \u00e9lectrique d\u2019ici \u00e0 2025, l\u2019autre \u00e9tant une hybride\u00bb.<\/em> C\u2019est le CX40 Recharge, d\u00e9clinaison du SUV compact XC40, succ\u00e8s commercial aur\u00e9ol\u00e9 de plusieurs r\u00e9compenses, qui sera le premier membre de la famille 100% \u00e9lectrique Volvo. Selon la m\u00eame source, \u00abRecharge\u00bb d\u00e9signera toutes les Volvo rechargeables \u00e0 motorisation 100% \u00e9lectrique ou hybride. Ce v\u00e9hicule incarne, selon le constructeur, un v\u00e9ritable tournant pour Volvo Cars, puisqu\u2019il est \u00e0 la fois le premier v\u00e9hicule \u00e9lectrique de la marque et le premier \u00e0 b\u00e9n\u00e9ficier du nouveau syst\u00e8me multim\u00e9dia support\u00e9 par le syst\u00e8me d\u2019exploitation Android de Google. <em>\u00abNous l\u2019avons dit et r\u00e9p\u00e9t\u00e9: pour Volvo Cars, le futur est \u00e9lectrique\u00bb,<\/em> exalte H\u00e5kan Samuelsson, pr\u00e9sident et CEO de Volvo Cars. <em>\u00abAujourd\u2019hui, nous franchissons un nouveau cap majeur dans cette direction avec le lancement concomitant du XC40 100% \u00e9lectrique et de la ligne Recharge\u00bb,<\/em> d\u00e9taille-t-il.<\/span><\/p>\n<p class=\"p1\"><span class=\"s1\">En d\u00e9tail, le XC40 Recharge incarne tout ce qu\u2019un client peut attendre d\u2019une Volvo, avec, en plus, une motorisation 100% \u00e9lectrique de pointe \u00e0 transmission int\u00e9grale, offrant une autonomie de plus de 400 km (WLTP) par recharge pour une puissance de 408 ch.<\/span><\/p>\n<p class=\"p1\"><span class=\"s1\">La batterie se recharge \u00e0 80% de sa capacit\u00e9 en 40 minutes sur une borne de recharge rapide. De plus, le syst\u00e8me multim\u00e9dia Android est enti\u00e8rement int\u00e9gr\u00e9 \u00e0 Volvo On Call, la plate-forme de services connect\u00e9s du constructeur. L\u2019application Volvo On Call permet notamment aux conducteurs d\u2019hybrides rechargeables de mesurer le temps qu\u2019ils passent en mode 100% \u00e9lectrique. Et ce n\u2019est pas tout. <em>\u00abVolvo Cars triplera sa capacit\u00e9 de production de v\u00e9hicules \u00e9lectrifi\u00e9s et proposera d\u00e8s l\u2019an prochain des mod\u00e8les Recharge pr\u00e9configur\u00e9s par les designers eux-m\u00eames, pour lesquels les d\u00e9lais de livraison seront consid\u00e9rablement r\u00e9duits. Volvo Cars entend faire en sorte que les v\u00e9hicules hybrides rechargeables repr\u00e9sentent 20% de ses ventes totales en 2020\u00bb.<\/em><\/span><\/p>\n<p class=\"p1\"><span class=\"s1\">De surcro\u00eet, chaque mod\u00e8le Volvo de la gamme sera d\u00e9clin\u00e9 en version Recharge, du SUV compact XC40 au fleuron de la marque qu\u2019est le grand SUV XC90, en passant par les mod\u00e8les de la gamme 60. Mieux encore, Volvo Cars est le seul constructeur automobile \u00e0 proposer, selon ses dires, une version hybride rechargeable de chaque mod\u00e8le de sa gamme.<\/span><\/p>\n<p>Auteur: ALM<br \/>\n<a href=\"http:\/\/aujourdhui.ma\/automobile\/xc40-recharge-premier-vehicule-electrique-de-volvo\">Cliquez ici pour lire l&rsquo;article depuis sa source.<\/a><\/p>\n","protected":false},"excerpt":{"rendered":"<p>La marque lancera un v\u00e9hicule 100% \u00e9lectrique par an dans les 5 prochaines ann\u00e9es Le constructeur automobile su\u00e9dois Volvo lancera dans les cinq prochaines ann\u00e9es un v\u00e9hicule 100% \u00e9lectrique par an. L\u2019annonce est relay\u00e9e par la marque qui fera \u00aben sorte qu\u2019une Volvo vendue sur deux dans le monde soit \u00e9lectrique d\u2019ici \u00e0 2025, l\u2019autre [&hellip;]<\/p>\n","protected":false},"author":1759,"featured_media":0,"comment_status":"closed","ping_status":"closed","sticky":false,"template":"","format":"standard","meta":{"fifu_image_url":"","fifu_image_alt":"","footnotes":""},"categories":[73,54],"tags":[],"class_list":["post-65251","post","type-post","status-publish","format-standard","hentry","category-actualite","category-maroc"],"_links":{"self":[{"href":"https:\/\/linitiative.ca\/International\/wp-json\/wp\/v2\/posts\/65251","targetHints":{"allow":["GET"]}}],"collection":[{"href":"https:\/\/linitiative.ca\/International\/wp-json\/wp\/v2\/posts"}],"about":[{"href":"https:\/\/linitiative.ca\/International\/wp-json\/wp\/v2\/types\/post"}],"author":[{"embeddable":true,"href":"https:\/\/linitiative.ca\/International\/wp-json\/wp\/v2\/users\/1759"}],"replies":[{"embeddable":true,"href":"https:\/\/linitiative.ca\/International\/wp-json\/wp\/v2\/comments?post=65251"}],"version-history":[{"count":0,"href":"https:\/\/linitiative.ca\/International\/wp-json\/wp\/v2\/posts\/65251\/revisions"}],"wp:attachment":[{"href":"https:\/\/linitiative.ca\/International\/wp-json\/wp\/v2\/media?parent=65251"}],"wp:term":[{"taxonomy":"category","embeddable":true,"href":"https:\/\/linitiative.ca\/International\/wp-json\/wp\/v2\/categories?post=65251"},{"taxonomy":"post_tag","embeddable":true,"href":"https:\/\/linitiative.ca\/International\/wp-json\/wp\/v2\/tags?post=65251"}],"curies":[{"name":"wp","href":"https:\/\/api.w.org\/{rel}","templated":true}]}}